{"id":142691,"date":"2023-12-20T04:03:30","date_gmt":"2023-12-20T07:03:30","guid":{"rendered":"http:\/\/argentinamunicipal.com.ar\/argentina\/?p=142691"},"modified":"2023-12-20T06:12:33","modified_gmt":"2023-12-20T09:12:33","slug":"por-la-emergencia-hidrica-hay-300-evacuados-en-la-provincia-de-santa-fe","status":"publish","type":"post","link":"http:\/\/argentinamunicipal.com.ar\/argentina\/por-la-emergencia-hidrica-hay-300-evacuados-en-la-provincia-de-santa-fe\/","title":{"rendered":"Por la emergencia h\u00eddrica hay 300 evacuados en la provincia de Santa Fe"},"content":{"rendered":"<p>Este martes se reuni\u00f3 el Comit\u00e9 Operativo de Emergencia H\u00eddrica. El Gobierno provincial destina recursos materiales, equipamiento y servicios para las localidades afectadas.<\/p>\n<p>El Comit\u00e9 Operativo de Emergencia H\u00eddrica se reuni\u00f3 este mediod\u00eda en Casa de Gobierno para analizar las distintas situaciones y acciones que se llevan adelante en la provincia, en el marco de las \u00faltimas inclemencias clim\u00e1ticas.<\/p>\n<p>El secretario de Gobierno, Municipios y Comunas, Horacio Ciancio, dijo que \u201cestamos siguiendo de forma presencial junto a los equipos de los ministerios, la emergencia in situ y a partir de la evaluaci\u00f3n y la situaci\u00f3n, los presidentes recurren a una asistencia financiera del \u00e1rea de Gobierno, municipios comunes\u201d.<\/p>\n<p>Por su parte, el secretario de Protecci\u00f3n Civil, Marcos Escajadillo, sostuvo que \u201cen distintas localidades tenemos alrededor de 300 evacuados; todos est\u00e1n siendo atendidos por las autoridades locales con la asistencia del Ministerio de Igualdad y Desarrollo Humano de la provincia\u201d.<\/p>\n<p>Y remarc\u00f3 \u201cel v\u00ednculo de comunicaci\u00f3n estrecha, telef\u00f3nica, personal, en terreno, viendo de qu\u00e9 manera la Provincia con esa gesti\u00f3n de cercan\u00eda que nos ha impuesto el gobernador Maximiliano Pullaro para que todos los reclamos sean atendidos: no hay s\u00e1bado, no hay domingo, no hay feriado\u201d, complet\u00f3.<\/p>\n<p>Luego del encuentro, el ministro de Gobierno e Innovaci\u00f3n P\u00fablica, Fabi\u00e1n Bast\u00eda, indic\u00f3 que el Comit\u00e9 Operativo \u201cviene funcionando desde el primer d\u00eda de la gesti\u00f3n, pero ya trabajando desde antes de asumir como equipo para estar al frente de la situaci\u00f3n presente en el territorio\u201d.<\/p>\n<p>Record\u00f3 que el domingo el gobernador Maximiliano Pullaro encabez\u00f3 una reuni\u00f3n con autoridades locales, intendentes, presidentes de comuna y senadores de distintos departamentos \u201cque manifestaron la satisfacci\u00f3n por la respuesta de la provincia\u201d.<\/p>\n<p>El funcionario describi\u00f3 que \u201csabemos que en determinados lugares la situaci\u00f3n es m\u00e1s cr\u00edtica que en otros, con eventos localizados y lluvias excesivas en todo el territorio provincial; tenemos adem\u00e1s el r\u00edo alto, con la expectativa de que podr\u00eda bajar unos cent\u00edmetros de aqu\u00ed a fin de a\u00f1o\u201d.<\/p>\n<p>Se\u00f1al\u00f3 que \u201cla evaluaci\u00f3n es positiva, pero nosotros no nos quedamos solamente con la evaluaci\u00f3n, sino que seguimos planificando distintas actividades y, sobre todo, la forma en que vamos a hacernos de recursos materiales, v\u00eda contrataciones, ya sea de equipamiento o de servicios que necesitamos\u201d.<\/p>\n<p>Por \u00faltimo, Bast\u00eda anunci\u00f3 que \u201cma\u00f1ana se constituye la Junta Provincial de Protecci\u00f3n Civil -presidida por Pullaro- donde se van a seguir fijando las pautas de proximidad, much\u00edsimo trabajo, much\u00edsima cercan\u00eda, en el lugar de los hechos, donde ocurre el problema\u201d.<\/p>\n<p>En cuanto a actividades a desarrollarse al aire libre, Bast\u00eda se\u00f1al\u00f3 que el Ministerio de Educaci\u00f3n \u201cse va a comunicar con todas las Regionales para que tomen medidas, que tienen que ver con un protocolo sobre actividades al aire libre o en espacios cerrados en determinados momentos que el clima, v\u00eda los informes meteorol\u00f3gicos, nos est\u00e1 diciendo que es mejor cuidarse y quedarse en casa\u201d.<\/p>\n<h6>Fuente: Uno<\/h6>\n","protected":false},"excerpt":{"rendered":"<p>Este martes se reuni\u00f3 el Comit\u00e9 Operativo de Emergencia H\u00eddrica. El Gobierno provincial destina recursos materiales, equipamiento y servicios para las localidades afectadas.<\/p>\n","protected":false},"author":2,"featured_media":142692,"comment_status":"closed","ping_status":"closed","sticky":false,"template":"","format":"standard","meta":{"footnotes":""},"categories":[2],"tags":[10],"class_list":["post-142691","post","type-post","status-publish","format-standard","has-post-thumbnail","hentry","category-informe-municipal","tag-santa-fe"],"_links":{"self":[{"href":"http:\/\/argentinamunicipal.com.ar\/argentina\/wp-json\/wp\/v2\/posts\/142691","targetHints":{"allow":["GET"]}}],"collection":[{"href":"http:\/\/argentinamunicipal.com.ar\/argentina\/wp-json\/wp\/v2\/posts"}],"about":[{"href":"http:\/\/argentinamunicipal.com.ar\/argentina\/wp-json\/wp\/v2\/types\/post"}],"author":[{"embeddable":true,"href":"http:\/\/argentinamunicipal.com.ar\/argentina\/wp-json\/wp\/v2\/users\/2"}],"replies":[{"embeddable":true,"href":"http:\/\/argentinamunicipal.com.ar\/argentina\/wp-json\/wp\/v2\/comments?post=142691"}],"version-history":[{"count":0,"href":"http:\/\/argentinamunicipal.com.ar\/argentina\/wp-json\/wp\/v2\/posts\/142691\/revisions"}],"wp:featuredmedia":[{"embeddable":true,"href":"http:\/\/argentinamunicipal.com.ar\/argentina\/wp-json\/wp\/v2\/media\/142692"}],"wp:attachment":[{"href":"http:\/\/argentinamunicipal.com.ar\/argentina\/wp-json\/wp\/v2\/media?parent=142691"}],"wp:term":[{"taxonomy":"category","embeddable":true,"href":"http:\/\/argentinamunicipal.com.ar\/argentina\/wp-json\/wp\/v2\/categories?post=142691"},{"taxonomy":"post_tag","embeddable":true,"href":"http:\/\/argentinamunicipal.com.ar\/argentina\/wp-json\/wp\/v2\/tags?post=142691"}],"curies":[{"name":"wp","href":"https:\/\/api.w.org\/{rel}","templated":true}]}}