{"id":142731,"date":"2023-12-22T05:14:59","date_gmt":"2023-12-22T08:14:59","guid":{"rendered":"http:\/\/argentinamunicipal.com.ar\/argentina\/?p=142731"},"modified":"2023-12-20T19:17:28","modified_gmt":"2023-12-20T22:17:28","slug":"efecto-rosario-ciudades-aledanas-tambien-quieren-la-tasa-vial","status":"publish","type":"post","link":"http:\/\/argentinamunicipal.com.ar\/argentina\/efecto-rosario-ciudades-aledanas-tambien-quieren-la-tasa-vial\/","title":{"rendered":"Efecto Rosario: ciudades aleda\u00f1as tambi\u00e9n quieren la tasa vial"},"content":{"rendered":"<p>El \u00e1rea metropolitana va sumando intendentes que quieren imitar la ordenanza aprobada por el Concejo Municipal para mejorar las calles<\/p>\n<p>Tras una larga sesi\u00f3n que se prolong\u00f3 hasta la medianoche de este martes, el Concejo Municipal de Rosario aprob\u00f3 el proyecto del oficialismo de aplicarle un 1,6 por ciento en concepto de tasa vial a cada litro de combustible que se expenda en la ciudad. Estos 200 a 300 pesos por tanque, estimados hasta ahora ir\u00e1n para tareas de pavimento y bacheo.\u00a0Una iniciativa que varios jefes municipales de la regi\u00f3n anticiparon que imitar\u00e1n en sus poblaciones.<\/p>\n<p>El primero que adelant\u00f3 su voluntad de imitar el \u00abefecto Rosario\u00bb fue el titular de Villa Gobernador G\u00e1lvez, Alberto Ricci. \u00abYa vengo manifestando que en todo el cord\u00f3n que va desde Timb\u00faes hasta Villa Constituci\u00f3n y una vez que la iniciativa saliera en Rosario \u00edbamos a juntarnos para poder implementarla y no quedar en desventaja\u00bb, destac\u00f3 Ricci.<br \/>\nCay\u00f3 el precio de la hacienda y la carne podr\u00eda bajar hasta un 10% la semana que viene<br \/>\nEl tiempo en Rosario: mi\u00e9rcoles con nubes y probabilidad de chaparrones<\/p>\n<p>La proximidad de Villa Gobernador G\u00e1lvez con Rosario es uno de los argumentos a favor de replicarla. \u00abPara evitar que a nuestras estaciones de servicio vengan personas de otro lugar estamos pensando en implementar la tasa. Nos ubicamos a menos de 300 metros del arroyo Saladillo y la gente de zona sur se nos vendr\u00edan para ac\u00e1. Entonces, no s\u00f3lo es para regular esta situaci\u00f3n, sino tambi\u00e9n para sumar una peque\u00f1a parte a nuestros fondos que est\u00e1n bastante deprimidos y ayudar a las arcas municipales\u00bb, ahond\u00f3 Ricci.<\/p>\n<p>A nivel metropolitano, los intendentes mantuvieron varias reuniones \u00aby todos coincidimos en que si la aplicaba Rosario nosotros tambi\u00e9n deber\u00edamos hacerlo para estar en la misma sinton\u00eda y que no se produzcan desigualdades\u00bb, remarc\u00f3 el jefe comunal villagalvense.<\/p>\n<p>Para remarcar el bajo impacto de la tasa y los aumentos exponenciales de otros \u00edtems, se mencion\u00f3 a los subproductos del petr\u00f3leo, como el asfalto, que escasea y adem\u00e1s tuvo altos aumentos. \u00abSon 200 a 300 pesos por tanque de combustible de un auto contra el 25 al 35 por ciento de suba en otros productos. Este 1,6 por ciento es insignificante\u00bb, argument\u00f3 Ricci.<\/p>\n<p>En el caso de Villa Gobernador G\u00e1lvez, el proyecto de adhesi\u00f3n ser\u00eda enviado en el per\u00edodo extraordinario de sesiones del Concejo, entre Navidad y A\u00f1o Nuevo.<\/p>\n<p>En la lista de quienes adelantaron su adhesi\u00f3n tambi\u00e9n figura Funes. Su intendente,\u00a0Roly Santacroce,\u00a0se\u00f1al\u00f3: \u00abEs un tema regional. Aparte de la pandemia sanitaria, a los municipios se nos vino encima la pandemia econ\u00f3mica, con menos recursos y adem\u00e1s se dejaron de coparticipar impuesto al cheque, el fondo sojero y ahora impuesto a las ganancias. Tengo montos que nos transfieren por una poblaci\u00f3n de 21 mil habitantes, pero somos casi 60 mil y en verano subimos a 90 mil, que los fines de semana se hacen 100 mil. Resulta muy desigual y queremos que a Funes env\u00eden los fondos que le corresponden\u00bb, argument\u00f3 Santacroce para enfatizar:\u00a0\u00abLo vamos a hacer, que no quedan dudas que seguiremos los pasos de Rosario\u00bb.<\/p>\n<p>De esta forma, ya son dos los alcaldes que se suman a lo que denominaron\u00a0\u00abvisi\u00f3n metropolitana\u00bb. \u00abEn nuestro caso, adem\u00e1s, una gran mayor\u00eda de quienes residen en Funes va a trabajar a Rosario\u00bb, dijo Santacroce al opinar que este 1,6 por ciento \u00abincluso resulta poco\u00bb. En el caso de Funes el fin de lo recaudado estar\u00eda m\u00e1s destinado a hacer el mejorado o ripio en calles de tierra o bien a establecer diferentes objetivos de los fondos espec\u00edficos.<\/p>\n<p><strong>P\u00e9rez<\/strong><br \/>\nEn cuanto a otra ciudad frontera, como es P\u00e9rez, su intendente\u00a0Pablo Corsalini\u00a0consider\u00f3 que no est\u00e1 en estudio la aplicaci\u00f3n de la tasa vial. \u00abNo tenemos intenci\u00f3n de avanzar en el proyecto\u00bb, dijo para ahondar: \u00abNosotros en la tasa general de inmuebles ya cobramos un 11 por ciento por bacheo y reparaci\u00f3n de calles. Ser\u00eda cobrar dos veces lo mismo\u00bb. Corsalini explic\u00f3: \u00abCon eso vamos llevando adelante un plan y tambi\u00e9n el mantenimiento del pavimento existente\u00bb.<\/p>\n<p>En\u00a0Granadero Baigorria,\u00a0l\u00edmite norte con Rosario, a\u00fan no se han expresado. La Capital intent\u00f3 comunicarse con su intendente, Adri\u00e1n Maglia, pero no pudo conocer su posici\u00f3n al respecto.<\/p>\n<p>Quien s\u00ed fij\u00f3 postura fue\u00a0el titular de Rold\u00e1n, Daniel Escalante.\u00a0\u00abCada Municipalidad, de acuerdo a su realidad, genera o no las tasas que crea conveniente. Como est\u00e1 la situaci\u00f3n en la actualidad, no estamos para meter una tasa adicional. Esto no quiere decir que no se justifique en otra localidad. De aplicarla, ser\u00eda por contribuci\u00f3n de mejoras, pero tambi\u00e9n nos surgen inquietudes en el basamento jur\u00eddico, porque se trata de una contraprestaci\u00f3n de un servicio. Lo cierto es que, por ahora, no est\u00e1 en nuestro radar\u00bb, se\u00f1al\u00f3 Escalante.<\/p>\n<p>En San Lorenzo\u00a0por el momento no se piensa en imitar a Rosario. Este lunes, se aprob\u00f3 en el presupuesto la contemplaci\u00f3n de bacheo, pavimento y mantenimiento de las arterias sanlorencinas. \u00abEst\u00e1 contemplada la partida para estas obras y no vemos la necesidad de ir a un nuevo tributo. Si el escenario nacional requiere estas nuevas erogaciones se puede tomar como referencia lo que hacen otras ciudades.\u00a0Por ahora, San Lorenzo se encuentra en condiciones a afrontar su plan de obra p\u00fablica\u00bb,\u00a0apunt\u00f3 el edil oficialista Dami\u00e1n Perassi.<\/p>\n<h6>Fuente: La Capital<\/h6>\n","protected":false},"excerpt":{"rendered":"<p>El \u00e1rea metropolitana va sumando intendentes que quieren imitar la ordenanza aprobada por el Concejo Municipal para mejorar las calles<\/p>\n","protected":false},"author":2,"featured_media":142732,"comment_status":"closed","ping_status":"closed","sticky":false,"template":"","format":"standard","meta":{"footnotes":""},"categories":[2],"tags":[10],"class_list":["post-142731","post","type-post","status-publish","format-standard","has-post-thumbnail","hentry","category-informe-municipal","tag-santa-fe"],"_links":{"self":[{"href":"http:\/\/argentinamunicipal.com.ar\/argentina\/wp-json\/wp\/v2\/posts\/142731","targetHints":{"allow":["GET"]}}],"collection":[{"href":"http:\/\/argentinamunicipal.com.ar\/argentina\/wp-json\/wp\/v2\/posts"}],"about":[{"href":"http:\/\/argentinamunicipal.com.ar\/argentina\/wp-json\/wp\/v2\/types\/post"}],"author":[{"embeddable":true,"href":"http:\/\/argentinamunicipal.com.ar\/argentina\/wp-json\/wp\/v2\/users\/2"}],"replies":[{"embeddable":true,"href":"http:\/\/argentinamunicipal.com.ar\/argentina\/wp-json\/wp\/v2\/comments?post=142731"}],"version-history":[{"count":0,"href":"http:\/\/argentinamunicipal.com.ar\/argentina\/wp-json\/wp\/v2\/posts\/142731\/revisions"}],"wp:featuredmedia":[{"embeddable":true,"href":"http:\/\/argentinamunicipal.com.ar\/argentina\/wp-json\/wp\/v2\/media\/142732"}],"wp:attachment":[{"href":"http:\/\/argentinamunicipal.com.ar\/argentina\/wp-json\/wp\/v2\/media?parent=142731"}],"wp:term":[{"taxonomy":"category","embeddable":true,"href":"http:\/\/argentinamunicipal.com.ar\/argentina\/wp-json\/wp\/v2\/categories?post=142731"},{"taxonomy":"post_tag","embeddable":true,"href":"http:\/\/argentinamunicipal.com.ar\/argentina\/wp-json\/wp\/v2\/tags?post=142731"}],"curies":[{"name":"wp","href":"https:\/\/api.w.org\/{rel}","templated":true}]}}