{"id":142919,"date":"2023-12-29T05:30:32","date_gmt":"2023-12-29T08:30:32","guid":{"rendered":"http:\/\/argentinamunicipal.com.ar\/argentina\/?p=142919"},"modified":"2023-12-28T05:56:58","modified_gmt":"2023-12-28T08:56:58","slug":"la-municipalidad-de-rosario-sumo-240-nuevos-contenedores-verdes-y-cuatro-camiones","status":"publish","type":"post","link":"http:\/\/argentinamunicipal.com.ar\/argentina\/la-municipalidad-de-rosario-sumo-240-nuevos-contenedores-verdes-y-cuatro-camiones\/","title":{"rendered":"La Municipalidad de Rosario sum\u00f3 240 nuevos contenedores verdes y cuatro camiones"},"content":{"rendered":"<p>Presentaron nuevo equipamiento para mejorar el servicio de limpieza en tres barrios de la zona norte de la ciudad: Sarmiento, La Florida y Alberdi<\/p>\n<p>La Municipalidad de Rosario present\u00f3 este mi\u00e9rcoles 240 nuevos contenedores y cuatro camiones compactadores de carga trasera.\u00a0El objetivo de este aumento de contenedores y camiones es\u00a0mejorar el servicio en tres barrios de la zona norte de la ciudad.\u00a0Esto se enmarca en el proceso de modernizaci\u00f3n del equipamiento de higiene y mantenimiento urbano que lleva adelante la municipalidad.<\/p>\n<p>El sector intervenido por los camiones est\u00e1 delimitado por bulevar Rondeau, v\u00edas del ferrocarril Belgrano, avenida Sorrento y Salvat. Los veh\u00edculos son cero kil\u00f3metro y est\u00e1n equipados con la \u00faltima tecnolog\u00eda, se incorporan a la flota de LimpAr Rosario SA. En cuanto a los nuevos contenedores, se utilizar\u00e1n para reponer unidades en los barrios Sarmiento, La Florida y Alberdi. En todos los casos, se trata de contenedores verdes, para que vecinos y vecinas de dichos barrios depositen all\u00ed la fracci\u00f3n \u00abrestos\u00bb.<\/p>\n<p>En este sentido, el intendente Pablo Javkin expres\u00f3: \u201cPresentamos 240 contenedores y 4 camiones que vamos a poner en zona norte. Queremos poner el foco en poner m\u00e1s limpia esta zona de la ciudad\u201d.<\/p>\n<p>Las nuevas incorporaciones se concretaron en el marco del Plan de modernizaci\u00f3n y mejora del equipamiento de higiene urbana, presentado en agosto por el intendente Javkin y acordado previamente con todas las empresas prestadoras del servicio. El objetivo es mejorar dicho servicio p\u00fablico, agilizar y eficientizar la recolecci\u00f3n de residuos, mantener limpios y en buenas condiciones los diferentes espacios p\u00fablicos y lograr una mayor capacidad de respuesta en materia de higiene en toda la ciudad.<\/p>\n<p>\u201cOtro de los temas que quiero mencionar es que hemos detectado m\u00e1s de 21 km de cableado de alumbrado p\u00fablico que fueron robados, y la zona norte es la m\u00e1s afectada. En el trabajo en com\u00fan con el gobernador Pullaro, una de las cosas que charlamos es esta. Tambi\u00e9n hemos aumentado la presencia municipal en la Plaza Alberdi y eso nos permite generar la reposici\u00f3n de las piezas robadas\u201d, manifest\u00f3 Javkin.<\/p>\n<p>Y concluy\u00f3: \u201cEl objetivo es que Plaza Alberdi sea la siguiente de ese proceso de transformaci\u00f3n que hicimos en Las 4 Plazas, Plaza Las Heras y dem\u00e1s\u201d.<\/p>\n<p>En agosto de este a\u00f1o, se present\u00f3 el nuevo equipamiento para mantener la ciudad limpia y en \u00f3ptimas condiciones de higiene: catorce camiones compactadores de carga trasera, una barredora mec\u00e1nica, un cami\u00f3n abierto con equipo hidr\u00e1ulico tipo almeja y 2240 contenedores color verde, para residuos domiciliarios.<\/p>\n<p><strong>Consejos para disponer los residuos<\/strong><br \/>\nDesde la cartera de Ambiente y Espacio P\u00fablico dieron algunos consejos para disponer adecuadamente los residuos, hacer un buen uso de contenedores y colaborar con la higiene de la ciudad.<\/p>\n<p>&#8211; Sacar los residuos en el horario en el que pasa el cami\u00f3n recolector<\/p>\n<p>&#8211; No dejar los residuos en el entorno de los contenedores.<\/p>\n<p>&#8211; Luego de depositar los residuos, tapar el contenedor. Esto evita malos olores, ingreso de agua en caso de lluvia.<\/p>\n<p>Para realizar consultas o reclamos vinculados a higiene, comunicarse con la l\u00ednea de atenci\u00f3n gratuita al ciudadano 147.<\/p>\n<p>Por \u00faltimo, recuerdan a vecinos y vecinas que para desechar residuos que por su tama\u00f1o no pueden disponerse como hogare\u00f1os, por ejemplo, escombros, restos de poda, peque\u00f1os muebles, electrodom\u00e9sticos o chatarra existe un servicio diferenciado y gratuito cuyo cronograma semanal se puede consultar llamando al 147 o ingresando en rosario.gob.ar.<\/p>\n<h6>Fuente: La Capital<\/h6>\n","protected":false},"excerpt":{"rendered":"<p>Presentaron nuevo equipamiento para mejorar el servicio de limpieza en tres barrios de la zona norte de la ciudad: Sarmiento, La Florida y Alberdi<\/p>\n","protected":false},"author":2,"featured_media":142920,"comment_status":"closed","ping_status":"closed","sticky":false,"template":"","format":"standard","meta":{"footnotes":""},"categories":[2],"tags":[10],"class_list":["post-142919","post","type-post","status-publish","format-standard","has-post-thumbnail","hentry","category-informe-municipal","tag-santa-fe"],"_links":{"self":[{"href":"http:\/\/argentinamunicipal.com.ar\/argentina\/wp-json\/wp\/v2\/posts\/142919","targetHints":{"allow":["GET"]}}],"collection":[{"href":"http:\/\/argentinamunicipal.com.ar\/argentina\/wp-json\/wp\/v2\/posts"}],"about":[{"href":"http:\/\/argentinamunicipal.com.ar\/argentina\/wp-json\/wp\/v2\/types\/post"}],"author":[{"embeddable":true,"href":"http:\/\/argentinamunicipal.com.ar\/argentina\/wp-json\/wp\/v2\/users\/2"}],"replies":[{"embeddable":true,"href":"http:\/\/argentinamunicipal.com.ar\/argentina\/wp-json\/wp\/v2\/comments?post=142919"}],"version-history":[{"count":0,"href":"http:\/\/argentinamunicipal.com.ar\/argentina\/wp-json\/wp\/v2\/posts\/142919\/revisions"}],"wp:featuredmedia":[{"embeddable":true,"href":"http:\/\/argentinamunicipal.com.ar\/argentina\/wp-json\/wp\/v2\/media\/142920"}],"wp:attachment":[{"href":"http:\/\/argentinamunicipal.com.ar\/argentina\/wp-json\/wp\/v2\/media?parent=142919"}],"wp:term":[{"taxonomy":"category","embeddable":true,"href":"http:\/\/argentinamunicipal.com.ar\/argentina\/wp-json\/wp\/v2\/categories?post=142919"},{"taxonomy":"post_tag","embeddable":true,"href":"http:\/\/argentinamunicipal.com.ar\/argentina\/wp-json\/wp\/v2\/tags?post=142919"}],"curies":[{"name":"wp","href":"https:\/\/api.w.org\/{rel}","templated":true}]}}