{"id":142943,"date":"2023-12-29T05:22:24","date_gmt":"2023-12-29T08:22:24","guid":{"rendered":"http:\/\/argentinamunicipal.com.ar\/argentina\/?p=142943"},"modified":"2023-12-28T06:24:46","modified_gmt":"2023-12-28T09:24:46","slug":"desde-el-7-al-13-de-enero-se-presentara-la-56-edicion-del-festival-nacional-del-malambo","status":"publish","type":"post","link":"http:\/\/argentinamunicipal.com.ar\/argentina\/desde-el-7-al-13-de-enero-se-presentara-la-56-edicion-del-festival-nacional-del-malambo\/","title":{"rendered":"Desde el 7 al 13 de enero se presentar\u00e1 la 56\u00b0 edici\u00f3n del Festival Nacional del Malambo"},"content":{"rendered":"<p>Laborde se prepara para otra edici\u00f3n del Festival Nacional del Malambo que tendr\u00e1 lugar en el calendario de 2024, entre el domingo 7 al s\u00e1bado 13 de enero con una destacada grilla de artistas y tambi\u00e9n con actividades paralelas.<\/p>\n<p>Grilla de Artistas<\/p>\n<p>Domingo 7 de enero: ceremonia y espect\u00e1culo de apertura a cargo del Lic. Esteban Dressino.<\/p>\n<p>Lunes 8 de enero: rubros en competencia y actuaci\u00f3n de Soledad Gamboa y Banda Musical de Laborde.<\/p>\n<p>Martes 9 de enero: rubros en competencia y la representaci\u00f3n art\u00edstica de Rom\u00e1n Ramonda.<\/p>\n<p>Mi\u00e9rcoles 10 de enero: rubros en competencia y la actuaci\u00f3n de La Terna.<\/p>\n<p>Jueves 11de enero: rubros en competencia y la presentaci\u00f3n de Juanjo Abregu.<\/p>\n<p>Viernes 12 de enero: rubros en competencia y del grupo de Los Trajinantes<\/p>\n<p>S\u00e1bado 13 de enero: finales de la competencia y la elecci\u00f3n del Campe\u00f3n Nacional de Malambo, adem\u00e1s, actuar\u00e1n Juan Fuentes y Lara Carignano.<\/p>\n<p>Otras actividades para disfrutar<\/p>\n<p>Paralelamente al festival, el turista podr\u00e1 entretenerse en la feria de artesan\u00edas, con talleres de danzas nativas y malambo en competencia, y de las disertaciones que se dar\u00e1n en el marco al Festival Nacional del Malambo.<\/p>\n<p>Abono por las 7 noches festivaleras<\/p>\n<p>General $ 26.000 pesos, jubilados$ 23.000 y socios $ 20.000 pesos.<\/p>\n<p>Fuente:<\/p>\n","protected":false},"excerpt":{"rendered":"<p>Laborde\u00a0se prepara para otra edici\u00f3n del\u00a0Festival Nacional del Malambo\u00a0que tendr\u00e1 lugar en el calendario de 2024, entre el\u00a0domingo 7\u00a0al\u00a0s\u00e1bado 13 de enero\u00a0con una destacada grilla de artistas y tambi\u00e9n con actividades paralelas.<\/p>\n","protected":false},"author":2,"featured_media":142944,"comment_status":"closed","ping_status":"closed","sticky":false,"template":"","format":"standard","meta":{"footnotes":""},"categories":[47],"tags":[3],"class_list":["post-142943","post","type-post","status-publish","format-standard","has-post-thumbnail","hentry","category-fiestas","tag-cordoba"],"_links":{"self":[{"href":"http:\/\/argentinamunicipal.com.ar\/argentina\/wp-json\/wp\/v2\/posts\/142943","targetHints":{"allow":["GET"]}}],"collection":[{"href":"http:\/\/argentinamunicipal.com.ar\/argentina\/wp-json\/wp\/v2\/posts"}],"about":[{"href":"http:\/\/argentinamunicipal.com.ar\/argentina\/wp-json\/wp\/v2\/types\/post"}],"author":[{"embeddable":true,"href":"http:\/\/argentinamunicipal.com.ar\/argentina\/wp-json\/wp\/v2\/users\/2"}],"replies":[{"embeddable":true,"href":"http:\/\/argentinamunicipal.com.ar\/argentina\/wp-json\/wp\/v2\/comments?post=142943"}],"version-history":[{"count":0,"href":"http:\/\/argentinamunicipal.com.ar\/argentina\/wp-json\/wp\/v2\/posts\/142943\/revisions"}],"wp:featuredmedia":[{"embeddable":true,"href":"http:\/\/argentinamunicipal.com.ar\/argentina\/wp-json\/wp\/v2\/media\/142944"}],"wp:attachment":[{"href":"http:\/\/argentinamunicipal.com.ar\/argentina\/wp-json\/wp\/v2\/media?parent=142943"}],"wp:term":[{"taxonomy":"category","embeddable":true,"href":"http:\/\/argentinamunicipal.com.ar\/argentina\/wp-json\/wp\/v2\/categories?post=142943"},{"taxonomy":"post_tag","embeddable":true,"href":"http:\/\/argentinamunicipal.com.ar\/argentina\/wp-json\/wp\/v2\/tags?post=142943"}],"curies":[{"name":"wp","href":"https:\/\/api.w.org\/{rel}","templated":true}]}}