{"id":142983,"date":"2024-01-02T05:11:26","date_gmt":"2024-01-02T08:11:26","guid":{"rendered":"http:\/\/argentinamunicipal.com.ar\/argentina\/?p=142983"},"modified":"2024-01-02T06:31:35","modified_gmt":"2024-01-02T09:31:35","slug":"el-intendente-de-san-carlos-mendoza-congelo-su-sueldo-y-el-de-empleados-municipales","status":"publish","type":"post","link":"http:\/\/argentinamunicipal.com.ar\/argentina\/el-intendente-de-san-carlos-mendoza-congelo-su-sueldo-y-el-de-empleados-municipales\/","title":{"rendered":"El intendente de San Carlos (Mendoza) congel\u00f3 su sueldo y el de empleados municipales"},"content":{"rendered":"<p>La medida durar\u00e1 tres meses. Adem\u00e1s, fren\u00f3 los ingresos a quince cargos que hab\u00eda dispuesto crear meses atr\u00e1s. El congelamiento no incluye a todos los funcionarios, pero s\u00ed a concejales y al propio intendente<\/p>\n<p>Los empleados pol\u00edticos de la Municipalidad de San Carlos no tendr\u00e1n paritarias ni aumento de sueldo en los pr\u00f3ximos 90 d\u00edas, luego de que el intendente, Alejandro Morillas, pidiera el congelamiento de algunos salarios estatales en esa comuna. La decisi\u00f3n fue votada por el Concejo Deliberante de manera un\u00e1nime y los mismos ediles tambi\u00e9n se sumaron a la decisi\u00f3n. Hay otras medidas de ajuste y siembra el interrogante sobre si otras intendencias har\u00e1n lo mismo. No abarca a todos los trabajadores de la comuna.<br \/>\n\u00abEs para evitar cualquier desbalance que pueda venir con la crisis\u00bb, contest\u00f3 Morillas a la consulta de\u00a0Diario UNO.\u00a0\u00c9l mismo es uno de los alcanzados por el \u00abcepo\u00bb a los ingresos; que abarcar\u00e1 a todos los\u00a0funcionarios de nivel\u00a0y los miembros del Concejo.\u00a0\u00abDel intendente para abajo, abarca a todos\u00bb, coment\u00f3.<\/p>\n<p>Durar\u00e1 hasta marzo del a\u00f1o que viene y se sumar\u00e1 a otras decisiones que van por la misma v\u00eda. El municipio hab\u00eda creado 12 cargos de coordinaciones, pero 10 de ellos no se van a otorgar durante todo 2024. Es decir, las contrataciones que iba a haber para esos puestos, finalmente no se van a realizar, al menos hasta enero de 2025.<br \/>\nA eso se suma que\u00a0tampoco habr\u00e1 ingresos a cinco direcciones\u00a0que tiene la intendencia, y que de todos modos ser\u00e1n manejadas por personal de planta. Los veh\u00edculos oficiales tambi\u00e9n ser\u00e1n\u00a0\u00abfrenados\u00bb: las 20 unidades que componen la flota sancarlina s\u00f3lo se utilizar\u00e1n en casos especiales.\u00a0Tanto el intendente como sus subordinados manejar\u00e1n sus propios autos o usar\u00e1n el transporte p\u00fablico.<\/p>\n<p>En total son 800 los empleados que tiene San Carlos, aunque tambi\u00e9n hay una buena cantidad de contratados. Las causas tienen que ver con el desbarajuste econ\u00f3mico, sumado a que -seg\u00fan sus cifras- perdieron un 20% del presupuesto pactado por la quita de la coparticipaci\u00f3n nacional (que la provincia recibe y luego divide entre los municipios). La cantidad de tel\u00e9fonos tambi\u00e9n se redujo \u00abal m\u00ednimo indispensable\u00bb<\/p>\n<p><strong>Morillas, uno de los hombres de La Uni\u00f3n Mendocina<\/strong><br \/>\n\u00abYo tengo esperanza; soy un hombre positivo. Vamos a vivir momentos dif\u00edciles, pero hay que mantener la cabeza de esa forma: pensando en que vamos a vivir un\u00a0momento mejor\u00bb, defini\u00f3 Morillas\u00a0lo que viene. Su fuerza pol\u00edtica es\u00a0La Uni\u00f3n Mendocina,\u00a0que a nivel local tiene referentes que se han mostrado opositores a Milei -como el otro sancarlino,\u00a0Jorge Difonso-, pero que a nivel nacional ahora tiene a Omar De Marchi como miembro del oficialismo.<\/p>\n<p>Por su referencia en el lujanino y\u00a0porque el \u00fanico diputado nacional que tienen, \u00c1lvaro Mart\u00ednez, ya se mostr\u00f3 abiertamente cercano al oficialismo nacional,\u00a0el espacio qued\u00f3 mucho m\u00e1s cerca del libertario de lo que lo hab\u00eda estado hasta el momento. En Mendoza, esa sinton\u00eda se empez\u00f3 a notar con medidas de ajuste\u00a0como esta. Aunque en realidad lo que prima para hacerla es, casi con seguridad, la necesidad de\u00a0ahorro.<\/p>\n<p>Morillas, m\u00e9dico de profesi\u00f3n y un ex Enanito Verde -en los inicios de la banda- lleg\u00f3 a la intendencia en una de las siete elecciones desdobladas que tuvo Mendoza. El 3 de septiembre derrot\u00f3 al candidato del oficialismo provincial Silvio Pannocchia y as\u00ed mantuvo la seguidilla de gobiernos cercanos a Jorge Difonso, como antes lo hab\u00eda hecho Rolando Scanio.<\/p>\n<p>Su espacio pol\u00edtico comenz\u00f3 a crujir por estos d\u00edas, cuando el nuevo intendente de Las Heras,\u00a0Francisco Lo Presti,\u00a0exhibi\u00f3 como un trofeo a los seis concejales que antes hab\u00edan sido de LUM y que, de buenas a primeras -como\u00a0muchos de los traspasos pol\u00edticos de este 2023-, decidieron\u00a0volver a Cambia Mendoza.<\/p>\n<h6>Fuente: UNo<\/h6>\n","protected":false},"excerpt":{"rendered":"<p>La medida durar\u00e1 tres meses. Adem\u00e1s, fren\u00f3 los ingresos a quince cargos que hab\u00eda dispuesto crear meses atr\u00e1s. El congelamiento no incluye a todos los funcionarios, pero s\u00ed a concejales y al propio intendente<\/p>\n","protected":false},"author":2,"featured_media":142984,"comment_status":"closed","ping_status":"closed","sticky":false,"template":"","format":"standard","meta":{"footnotes":""},"categories":[4],"tags":[31],"class_list":["post-142983","post","type-post","status-publish","format-standard","has-post-thumbnail","hentry","category-informe-politico","tag-mendoza"],"_links":{"self":[{"href":"http:\/\/argentinamunicipal.com.ar\/argentina\/wp-json\/wp\/v2\/posts\/142983","targetHints":{"allow":["GET"]}}],"collection":[{"href":"http:\/\/argentinamunicipal.com.ar\/argentina\/wp-json\/wp\/v2\/posts"}],"about":[{"href":"http:\/\/argentinamunicipal.com.ar\/argentina\/wp-json\/wp\/v2\/types\/post"}],"author":[{"embeddable":true,"href":"http:\/\/argentinamunicipal.com.ar\/argentina\/wp-json\/wp\/v2\/users\/2"}],"replies":[{"embeddable":true,"href":"http:\/\/argentinamunicipal.com.ar\/argentina\/wp-json\/wp\/v2\/comments?post=142983"}],"version-history":[{"count":0,"href":"http:\/\/argentinamunicipal.com.ar\/argentina\/wp-json\/wp\/v2\/posts\/142983\/revisions"}],"wp:featuredmedia":[{"embeddable":true,"href":"http:\/\/argentinamunicipal.com.ar\/argentina\/wp-json\/wp\/v2\/media\/142984"}],"wp:attachment":[{"href":"http:\/\/argentinamunicipal.com.ar\/argentina\/wp-json\/wp\/v2\/media?parent=142983"}],"wp:term":[{"taxonomy":"category","embeddable":true,"href":"http:\/\/argentinamunicipal.com.ar\/argentina\/wp-json\/wp\/v2\/categories?post=142983"},{"taxonomy":"post_tag","embeddable":true,"href":"http:\/\/argentinamunicipal.com.ar\/argentina\/wp-json\/wp\/v2\/tags?post=142983"}],"curies":[{"name":"wp","href":"https:\/\/api.w.org\/{rel}","templated":true}]}}