{"id":142989,"date":"2023-12-29T06:34:28","date_gmt":"2023-12-29T09:34:28","guid":{"rendered":"http:\/\/argentinamunicipal.com.ar\/argentina\/?p=142989"},"modified":"2024-01-02T06:32:14","modified_gmt":"2024-01-02T09:32:14","slug":"intendentes-de-todo-el-pais-presentan-recurso-contra-el-dnu-de-milei","status":"publish","type":"post","link":"http:\/\/argentinamunicipal.com.ar\/argentina\/intendentes-de-todo-el-pais-presentan-recurso-contra-el-dnu-de-milei\/","title":{"rendered":"Intendentes de todo el pa\u00eds presentan recurso contra el DNU de Milei"},"content":{"rendered":"<p>Grupo de 500 intendentes advierte que \u00abArgentina no est\u00e1 en venta\u00bb<\/p>\n<p>Un grupo de 500 intendentes de la Federaci\u00f3n Argentina de Municipios (FAM) presentaron un recurso de amparo contra el decreto de necesidad y urgencia (DNU) del Gobierno de Javier Milei. Durante una reuni\u00f3n realizada en la FAM, los representantes municipales expresaron su rechazo al DNU y advirtieron que \u00abArgentina no est\u00e1 en venta\u00bb.<\/p>\n<p>El presidente de la FAM e intendente de La Matanza, Fernando Espinoza, afirm\u00f3 que decidieron presentar el recurso de amparo y solicitar una cautelar para detener el avance del DNU que, seg\u00fan ellos, vulnera los derechos que han sido conquistados durante d\u00e9cadas.\u00a0Espinoza enfatiz\u00f3 en la importancia de proteger los recursos naturales y el pa\u00eds en su conjunto, resaltando que Argentina no puede ser vendida.<\/p>\n<p>El encuentro en la sede de la FAM cont\u00f3 con la participaci\u00f3n de intendentes de todo el pa\u00eds, tanto de manera presencial como virtual.\u00a0Durante la reuni\u00f3n, se acord\u00f3 presentar el recurso de amparo con una solicitud de cautelar contra el DNU 70\/2023.<\/p>\n<p>Espinoza expres\u00f3 su esperanza de que la Justicia atienda a su pedido y detenga el DNU, permitiendo que el Congreso debata ampliamente sobre estas reformas tan profundas.\u00a0Declar\u00f3 que las reformas deben ser tratadas mediante proyectos de ley y con el legado que dej\u00f3 la voluntad de la gente.<\/p>\n<p>El intendente de La Matanza describi\u00f3 el DNU como\u00a0\u00abtotalmente inconstitucional\u00bb\u00a0y compar\u00f3 la situaci\u00f3n actual con un estado de dictadura, donde un presidente y un peque\u00f1o grupo de personas toman decisiones que favorecen a grandes grupos econ\u00f3micos y perjudican al 90% de los argentinos.\u00a0Espinoza manifest\u00f3 que los intendentes est\u00e1n all\u00ed para representar a millones de voces y proteger los intereses de sus vecinos.<\/p>\n<p>Otros intendentes presentes en la reuni\u00f3n tambi\u00e9n expresaron su preocupaci\u00f3n por la incertidumbre que generan las medidas econ\u00f3micas anunciadas en el DNU.\u00a0Gustavo Barrera, intendente de Villa Gesell, destac\u00f3 c\u00f3mo estas medidas impactan negativamente en la zona Atl\u00e1ntica, generando dudas en quienes planeaban tomarse unas vacaciones.<\/p>\n<p>La fecha de entrada en vigencia del DNU de Javier Milei es ocho d\u00edas despu\u00e9s de su publicaci\u00f3n en el Bolet\u00edn Oficial, lo que significa que estar\u00e1 vigente a partir del pr\u00f3ximo viernes 29 de diciembre.\u00a0Durante estos dos meses de vigencia, las reformas propuestas en el DNU tendr\u00e1n un efecto significativo en la econom\u00eda, la pol\u00edtica y la sociedad del pa\u00eds.<\/p>\n<h6>Fuente: Cordillerano<\/h6>\n","protected":false},"excerpt":{"rendered":"<p>Grupo de 500 intendentes advierte que \u00abArgentina no est\u00e1 en venta\u00bb<\/p>\n","protected":false},"author":2,"featured_media":142990,"comment_status":"closed","ping_status":"closed","sticky":false,"template":"","format":"standard","meta":{"footnotes":""},"categories":[4],"tags":[21],"class_list":["post-142989","post","type-post","status-publish","format-standard","has-post-thumbnail","hentry","category-informe-politico","tag-argentina"],"_links":{"self":[{"href":"http:\/\/argentinamunicipal.com.ar\/argentina\/wp-json\/wp\/v2\/posts\/142989","targetHints":{"allow":["GET"]}}],"collection":[{"href":"http:\/\/argentinamunicipal.com.ar\/argentina\/wp-json\/wp\/v2\/posts"}],"about":[{"href":"http:\/\/argentinamunicipal.com.ar\/argentina\/wp-json\/wp\/v2\/types\/post"}],"author":[{"embeddable":true,"href":"http:\/\/argentinamunicipal.com.ar\/argentina\/wp-json\/wp\/v2\/users\/2"}],"replies":[{"embeddable":true,"href":"http:\/\/argentinamunicipal.com.ar\/argentina\/wp-json\/wp\/v2\/comments?post=142989"}],"version-history":[{"count":0,"href":"http:\/\/argentinamunicipal.com.ar\/argentina\/wp-json\/wp\/v2\/posts\/142989\/revisions"}],"wp:featuredmedia":[{"embeddable":true,"href":"http:\/\/argentinamunicipal.com.ar\/argentina\/wp-json\/wp\/v2\/media\/142990"}],"wp:attachment":[{"href":"http:\/\/argentinamunicipal.com.ar\/argentina\/wp-json\/wp\/v2\/media?parent=142989"}],"wp:term":[{"taxonomy":"category","embeddable":true,"href":"http:\/\/argentinamunicipal.com.ar\/argentina\/wp-json\/wp\/v2\/categories?post=142989"},{"taxonomy":"post_tag","embeddable":true,"href":"http:\/\/argentinamunicipal.com.ar\/argentina\/wp-json\/wp\/v2\/tags?post=142989"}],"curies":[{"name":"wp","href":"https:\/\/api.w.org\/{rel}","templated":true}]}}