{"id":143053,"date":"2024-01-03T06:33:48","date_gmt":"2024-01-03T09:33:48","guid":{"rendered":"http:\/\/argentinamunicipal.com.ar\/argentina\/?p=143053"},"modified":"2024-01-03T06:33:48","modified_gmt":"2024-01-03T09:33:48","slug":"el-nuevo-intendente-de-las-heras-no-renovo-600-contratos-de-municipales","status":"publish","type":"post","link":"http:\/\/argentinamunicipal.com.ar\/argentina\/el-nuevo-intendente-de-las-heras-no-renovo-600-contratos-de-municipales\/","title":{"rendered":"El nuevo intendente de Las Heras no renov\u00f3 600 contratos de municipales"},"content":{"rendered":"<p>El jefe comunal Francisco Lo Presti aplic\u00f3 una reducci\u00f3n importante de personal. Desde el municipio explicaron que los contratos vencieron el 31 de diciembre y la mayor\u00eda correspond\u00edan al \u00faltimo a\u00f1o.<\/p>\n<p>El intendente de Las Heras, Francisco Lo Presti, tom\u00f3 la decisi\u00f3n de no renovar 600 contratos de empleados municipales que vencieron el pasado 31 de diciembre de 2023. Muchos de los ex agentes se concentraron frente a la sede municipal para reclamar por la medida, pero desde la comuna ratificaron la determinaci\u00f3n y aseguraron que apuntan a mejorar la calidad de los servicios que presta el municipio.<\/p>\n<p>La decisi\u00f3n se concret\u00f3 este martes, el primer d\u00eda h\u00e1bil del 2024, y buena parte de los municipales tom\u00f3 conocimiento de la situaci\u00f3n cuando llegaron a sus lugares de trabajo y ya no figuraban en el registro de huellas digitales. A su vez, muchos de los agentes se concentraron frente a la Municipalidad de\u00a0Las Heras\u00a0para protestar por la medida.<\/p>\n<p>El secretario de Hacienda de la comuna, Alejandro Gallego, explic\u00f3 a MDZ que \u201cson aproximadamente 600 contratos que venc\u00edan el 31 de diciembre y no se renovaron\u00bb. Destac\u00f3 que casi todos se hab\u00edan dado de alta sobre el final de la gesti\u00f3n del ex intendente Daniel Orozco: \u00abLa gran mayor\u00eda son contratos que se hicieron el \u00faltimo a\u00f1o y que estaban b\u00e1sicamente bajo la \u00f3rbita de las secretar\u00edas de Obras y Gobierno\u201d.<\/p>\n<p>Indic\u00f3 que \u201cla no renovaci\u00f3n de estos contratos no va a resentir para nada los servicios b\u00e1sicos que nosotros nos hemos comprometido a mejorar como el alumbrado, limpieza, la escuela de verano y los servicios de salud. Incluso no estaban presupuestados para la continuidad\u201d.<\/p>\n<p>Destac\u00f3 que se pag\u00f3 los sueldos de diciembre a todas estas personas pero se decidi\u00f3 no darle continuidad para el pr\u00f3ximo a\u00f1o, debido a que consideraron que no eran indispensables para la prestaci\u00f3n de los servicios municipales.<\/p>\n<p>\u201cHoy los servicios b\u00e1sicos est\u00e1n mal prestados en el municipio, tenemos que mejorar su calidad y estas \u00faltimas\u00a0contrataciones\u00a0no sumaban a la mejora de los servicios. Tenemos el triple de empleados por habitante que la Municipalidad de Godoy Cruz y es muy inferior la calidad del servicio entre los dos municipios. Entendemos que esta gente no la necesitamos para la mejora de los servicios\u201d, sostuvo el funcionario municipales.<\/p>\n<p>Gallego resalt\u00f3 que hacia finales de 2023, Las Heras ten\u00eda 3.700 trabajadores entre personal de planta, funcionarios y contratados y que a partir de enero de 2024 se decidi\u00f3 no renovar unos 600 contratos que venc\u00edan el 31 de diciembre.<\/p>\n<h6>Fuente: MDZ<\/h6>\n","protected":false},"excerpt":{"rendered":"<p>El jefe comunal Francisco Lo Presti aplic\u00f3 una reducci\u00f3n importante de personal. Desde el municipio explicaron que los contratos vencieron el 31 de diciembre y la mayor\u00eda correspond\u00edan al \u00faltimo a\u00f1o.<\/p>\n","protected":false},"author":2,"featured_media":143054,"comment_status":"closed","ping_status":"closed","sticky":false,"template":"","format":"standard","meta":{"footnotes":""},"categories":[7],"tags":[31],"class_list":["post-143053","post","type-post","status-publish","format-standard","has-post-thumbnail","hentry","category-informe-sindical","tag-mendoza"],"_links":{"self":[{"href":"http:\/\/argentinamunicipal.com.ar\/argentina\/wp-json\/wp\/v2\/posts\/143053","targetHints":{"allow":["GET"]}}],"collection":[{"href":"http:\/\/argentinamunicipal.com.ar\/argentina\/wp-json\/wp\/v2\/posts"}],"about":[{"href":"http:\/\/argentinamunicipal.com.ar\/argentina\/wp-json\/wp\/v2\/types\/post"}],"author":[{"embeddable":true,"href":"http:\/\/argentinamunicipal.com.ar\/argentina\/wp-json\/wp\/v2\/users\/2"}],"replies":[{"embeddable":true,"href":"http:\/\/argentinamunicipal.com.ar\/argentina\/wp-json\/wp\/v2\/comments?post=143053"}],"version-history":[{"count":0,"href":"http:\/\/argentinamunicipal.com.ar\/argentina\/wp-json\/wp\/v2\/posts\/143053\/revisions"}],"wp:featuredmedia":[{"embeddable":true,"href":"http:\/\/argentinamunicipal.com.ar\/argentina\/wp-json\/wp\/v2\/media\/143054"}],"wp:attachment":[{"href":"http:\/\/argentinamunicipal.com.ar\/argentina\/wp-json\/wp\/v2\/media?parent=143053"}],"wp:term":[{"taxonomy":"category","embeddable":true,"href":"http:\/\/argentinamunicipal.com.ar\/argentina\/wp-json\/wp\/v2\/categories?post=143053"},{"taxonomy":"post_tag","embeddable":true,"href":"http:\/\/argentinamunicipal.com.ar\/argentina\/wp-json\/wp\/v2\/tags?post=143053"}],"curies":[{"name":"wp","href":"https:\/\/api.w.org\/{rel}","templated":true}]}}