{"id":143105,"date":"2024-01-04T06:41:27","date_gmt":"2024-01-04T09:41:27","guid":{"rendered":"http:\/\/argentinamunicipal.com.ar\/argentina\/?p=143105"},"modified":"2024-01-04T06:41:27","modified_gmt":"2024-01-04T09:41:27","slug":"en-el-valle-de-uco-ya-se-palpita-una-nueva-edicion-de-la-fiesta-provincial-de-la-cereza","status":"publish","type":"post","link":"http:\/\/argentinamunicipal.com.ar\/argentina\/en-el-valle-de-uco-ya-se-palpita-una-nueva-edicion-de-la-fiesta-provincial-de-la-cereza\/","title":{"rendered":"En el Valle de Uco ya se palpita una nueva edici\u00f3n de la Fiesta Provincial de la Cereza"},"content":{"rendered":"<p>La Fiesta Provincial de la Cereza se realizar\u00e1 en la Cancha del Club Social y Deportivo Uni\u00f3n el s\u00e1bado 6 y domingo 7 de enero de 2024.<\/p>\n<p>Se acerca la 33\u00b0 edici\u00f3n de la Fiesta Provincial de la Cereza en el departamento de Tunuy\u00e1n; la misma se realizar\u00e1 en la Cancha del Club Social y Deportivo Uni\u00f3n el s\u00e1bado 6 y domingo 7 de enero; se tiene previsto un gran abanico de artistas que dir\u00e1n presente en esta emblem\u00e1tica fiesta vistaflorina. Las entradas se pueden adquirir de manera anticipada. Quien brind\u00f3 detalles es el Coordinador General Rodrigo Campos, que agreg\u00f3 al respecto: \u00abNos pone muy contentos haber pasado los 30 a\u00f1os de la Fiesta y que en los \u00faltimos tiempos pudimos darle un poco m\u00e1s de altura con mucha m\u00e1s gente y con otra t\u00e9cnica\u00bb.<\/p>\n<p>Campos hizo referencia a los artistas que formar\u00e1n parte de este evento durante la primera semana de enero: \u00abEl s\u00e1bado 6 estar\u00e1n presente La Nueva Luna, Los Charros y desde San Juan Vivencias de Cuyo y una gran gama de artistas locales, por su parte el domingo 7 se presentar\u00e1 el Ballet de Flor Nacional, Nacho Silva, vendr\u00e1 tambi\u00e9n la Banda Militar que traer\u00e1 una sorpresa muy especial, la Doble Folclore y La Trova Cuyana que viene desde Godoy Cruz y m\u00e1s n\u00fameros locales\u00bb.<\/p>\n<h6>Fuente: Sitio Andino<\/h6>\n","protected":false},"excerpt":{"rendered":"<p>La Fiesta Provincial de la Cereza se realizar\u00e1 en la Cancha del Club Social y Deportivo Uni\u00f3n el s\u00e1bado 6 y domingo 7 de enero de 2024.<\/p>\n","protected":false},"author":2,"featured_media":143106,"comment_status":"closed","ping_status":"closed","sticky":false,"template":"","format":"standard","meta":{"footnotes":""},"categories":[47],"tags":[31],"class_list":["post-143105","post","type-post","status-publish","format-standard","has-post-thumbnail","hentry","category-fiestas","tag-mendoza"],"_links":{"self":[{"href":"http:\/\/argentinamunicipal.com.ar\/argentina\/wp-json\/wp\/v2\/posts\/143105","targetHints":{"allow":["GET"]}}],"collection":[{"href":"http:\/\/argentinamunicipal.com.ar\/argentina\/wp-json\/wp\/v2\/posts"}],"about":[{"href":"http:\/\/argentinamunicipal.com.ar\/argentina\/wp-json\/wp\/v2\/types\/post"}],"author":[{"embeddable":true,"href":"http:\/\/argentinamunicipal.com.ar\/argentina\/wp-json\/wp\/v2\/users\/2"}],"replies":[{"embeddable":true,"href":"http:\/\/argentinamunicipal.com.ar\/argentina\/wp-json\/wp\/v2\/comments?post=143105"}],"version-history":[{"count":0,"href":"http:\/\/argentinamunicipal.com.ar\/argentina\/wp-json\/wp\/v2\/posts\/143105\/revisions"}],"wp:featuredmedia":[{"embeddable":true,"href":"http:\/\/argentinamunicipal.com.ar\/argentina\/wp-json\/wp\/v2\/media\/143106"}],"wp:attachment":[{"href":"http:\/\/argentinamunicipal.com.ar\/argentina\/wp-json\/wp\/v2\/media?parent=143105"}],"wp:term":[{"taxonomy":"category","embeddable":true,"href":"http:\/\/argentinamunicipal.com.ar\/argentina\/wp-json\/wp\/v2\/categories?post=143105"},{"taxonomy":"post_tag","embeddable":true,"href":"http:\/\/argentinamunicipal.com.ar\/argentina\/wp-json\/wp\/v2\/tags?post=143105"}],"curies":[{"name":"wp","href":"https:\/\/api.w.org\/{rel}","templated":true}]}}