{"id":143157,"date":"2024-01-05T06:03:55","date_gmt":"2024-01-05T09:03:55","guid":{"rendered":"http:\/\/argentinamunicipal.com.ar\/argentina\/?p=143157"},"modified":"2024-01-05T06:03:55","modified_gmt":"2024-01-05T09:03:55","slug":"omar-felix-decidio-otorgar-un-bono-de-reyes-de-40-000-a-los-municipales-de-san-rafael","status":"publish","type":"post","link":"http:\/\/argentinamunicipal.com.ar\/argentina\/omar-felix-decidio-otorgar-un-bono-de-reyes-de-40-000-a-los-municipales-de-san-rafael\/","title":{"rendered":"Omar F\u00e9lix decidi\u00f3 otorgar un \u00abbono de reyes\u00bb de $40.000 a los municipales de San Rafael"},"content":{"rendered":"<p>Este viernes los trabajadores de la comuna que conduce Omar F\u00e9lix tendr\u00e1n depositado ese pago extra. El 15 de enero les abonar\u00e1n otros $20.000 correspondientes a un acuerdo paritario<\/p>\n<p>Los empleados municipales de San Rafael cobrar\u00e1n este viernes 5 de enero un\u00a0\u00abbono de reyes\u00bb de $40.000. Ser\u00e1 para todos los trabajadores de la comuna de acuerdo con lo dispuesto por el\u00a0intendente Omar F\u00e9lix,\u00a0quien ya hab\u00eda anunciado antes de fin de a\u00f1o su plan de pagar este aporte extra para paliar la baja del poder adquisitivo tras los ajustes que encar\u00f3 la Naci\u00f3n.<br \/>\nAdem\u00e1s, dentro de 10 d\u00edas, los municipales sanrafaelinos cobrar\u00e1n otros $20.000 que representan la continuidad del bono suscripto en paritaria y que se increment\u00f3 a partir de este a\u00f1o.<\/p>\n<p>El \u00faltimo acuerdo paritario incluy\u00f3 un aumento salarial del 45% y un incremento en el bono mensual.<\/p>\n<p>El municipio de San Rafael cuenta con su presupuesto 2024,\u00a0luego de haber sido aprobado el proyecto \u2013 por unanimidad en el tratamiento general \u2013\u00a0en una sesi\u00f3n extraordinaria del Concejo Deliberante al inicio de esta semana.<\/p>\n<p>El intendente Omar F\u00e9lix para el ejercicio del a\u00f1o entrante, destinar\u00e1 m\u00e1s de 10.000 millones de pesos a obras p\u00fablicas, de un total de $33.333 millones que consta la pauta.<\/p>\n<p>Entre las inversiones previstas, figura la continuidad de la transformaci\u00f3n de la vieja terminal de \u00f3mnibus, nuevos edificios para jardines maternales, intervenci\u00f3n de plazas y paseos, m\u00e1s cuadras de asfalto, urbanizaci\u00f3n de nuevos barrios, infraestructura deportiva e infraestructura en servicios p\u00fablicos.<\/p>\n<p>A lo anterior se suman las obras que ya est\u00e1n en ejecuci\u00f3n y que podr\u00e1n ser inauguradas a lo largo del 2024.<\/p>\n<p>En los planes de F\u00e9lix est\u00e1 consolidar un plan de acci\u00f3n y gesti\u00f3n que signifique la continuidad del proyecto que culmin\u00f3 su hermano Emir, aunque limitado al contexto nacional que prev\u00e9 \u2013 para los pr\u00f3ximos meses \u2013 un proceso dif\u00edcil en materia econ\u00f3mica y social. En ese sentido, es prioridad para el jefe comunal, amparar al personal municipal ante los tiempos dif\u00edciles que vendr\u00e1n.<\/p>\n<p>\u201cComo lo hemos hecho en todos estos a\u00f1os, hemos proyectado un presupuesto en funci\u00f3n de la buena administraci\u00f3n de todos los recursos municipales. Tenemos bien claro que los gastos nunca deben superar a los ingresos y bajo esa premisa vamos a seguir trabajando por un San Rafael m\u00e1s pr\u00f3spero, con m\u00e1s obras y mejores servicios.\u00a0Sin embargo, sabemos que se vienen momentos dif\u00edciles para la econom\u00eda de todos, pero lo que desconocemos es por cu\u00e1nto tiempo viviremos bajo esa realidad. Esa incertidumbre nos obliga a encarar una administraci\u00f3n austera y buscar, m\u00e1s que nunca, el equilibrio presupuestario que ha caracterizado a esta gesti\u00f3n\u201d,\u00a0expres\u00f3 el secretario de Hacienda, Marcelo G\u00f3mez.<\/p>\n<h6>Fuente: Uno<\/h6>\n","protected":false},"excerpt":{"rendered":"<p>Este viernes los trabajadores de la comuna que conduce Omar F\u00e9lix tendr\u00e1n depositado ese pago extra. El 15 de enero les abonar\u00e1n otros $20.000 correspondientes a un acuerdo paritario<\/p>\n","protected":false},"author":2,"featured_media":143158,"comment_status":"closed","ping_status":"closed","sticky":false,"template":"","format":"standard","meta":{"footnotes":""},"categories":[7],"tags":[31],"class_list":["post-143157","post","type-post","status-publish","format-standard","has-post-thumbnail","hentry","category-informe-sindical","tag-mendoza"],"_links":{"self":[{"href":"http:\/\/argentinamunicipal.com.ar\/argentina\/wp-json\/wp\/v2\/posts\/143157","targetHints":{"allow":["GET"]}}],"collection":[{"href":"http:\/\/argentinamunicipal.com.ar\/argentina\/wp-json\/wp\/v2\/posts"}],"about":[{"href":"http:\/\/argentinamunicipal.com.ar\/argentina\/wp-json\/wp\/v2\/types\/post"}],"author":[{"embeddable":true,"href":"http:\/\/argentinamunicipal.com.ar\/argentina\/wp-json\/wp\/v2\/users\/2"}],"replies":[{"embeddable":true,"href":"http:\/\/argentinamunicipal.com.ar\/argentina\/wp-json\/wp\/v2\/comments?post=143157"}],"version-history":[{"count":0,"href":"http:\/\/argentinamunicipal.com.ar\/argentina\/wp-json\/wp\/v2\/posts\/143157\/revisions"}],"wp:featuredmedia":[{"embeddable":true,"href":"http:\/\/argentinamunicipal.com.ar\/argentina\/wp-json\/wp\/v2\/media\/143158"}],"wp:attachment":[{"href":"http:\/\/argentinamunicipal.com.ar\/argentina\/wp-json\/wp\/v2\/media?parent=143157"}],"wp:term":[{"taxonomy":"category","embeddable":true,"href":"http:\/\/argentinamunicipal.com.ar\/argentina\/wp-json\/wp\/v2\/categories?post=143157"},{"taxonomy":"post_tag","embeddable":true,"href":"http:\/\/argentinamunicipal.com.ar\/argentina\/wp-json\/wp\/v2\/tags?post=143157"}],"curies":[{"name":"wp","href":"https:\/\/api.w.org\/{rel}","templated":true}]}}