{"id":14324,"date":"2014-08-31T07:00:26","date_gmt":"2014-08-31T10:00:26","guid":{"rendered":"http:\/\/argentinamunicipal.com.ar\/argentina\/?p=14324"},"modified":"2014-08-28T16:56:59","modified_gmt":"2014-08-28T19:56:59","slug":"rio-grande-consideran-proyecto-de-ordenanza-que-elaboran-chicos-en-escuela","status":"publish","type":"post","link":"http:\/\/argentinamunicipal.com.ar\/argentina\/rio-grande-consideran-proyecto-de-ordenanza-que-elaboran-chicos-en-escuela\/","title":{"rendered":"R\u00edo Grande: consideran proyecto de ordenanza que elaboran chicos en escuela"},"content":{"rendered":"<p><a href=\"http:\/\/argentinamunicipal.com.ar\/argentina\/wp-content\/uploads\/2014\/08\/1409190039-600garay_chicos_thumb_550.jpg\"><img loading=\"lazy\" decoding=\"async\" class=\"aligncenter size-full wp-image-14325\" src=\"http:\/\/argentinamunicipal.com.ar\/argentina\/wp-content\/uploads\/2014\/08\/1409190039-600garay_chicos_thumb_550.jpg\" alt=\"1409190039-600garay_chicos_thumb_550\" width=\"550\" height=\"412\" srcset=\"http:\/\/argentinamunicipal.com.ar\/argentina\/wp-content\/uploads\/2014\/08\/1409190039-600garay_chicos_thumb_550.jpg 550w, http:\/\/argentinamunicipal.com.ar\/argentina\/wp-content\/uploads\/2014\/08\/1409190039-600garay_chicos_thumb_550-300x224.jpg 300w\" sizes=\"auto, (max-width: 550px) 100vw, 550px\" \/><\/a><\/p>\n<p>Convocado por las autoridades del Colegio del Cono Sur, el concejal H\u00e9ctor \u00abMoncho\u00bb Garay, se interioriz\u00f3 de un trabajo que llevan adelante los alumnos de 6\u00b0 a\u00f1o, quienes se encuentran trabajando en la realizaci\u00f3n de un proyecto de ordenanza que esperan presentar en el Concejo Deliberante para su aplicaci\u00f3n.<\/p>\n<p>\u00abLas docentes Andrea M\u00f3naco y Wanda Ortigoza, nos convocaron para hablar con los chicos que se encuentran comprometidos con un proyecto que busca favorecer a los pacientes diab\u00e9ticos, por lo que quer\u00edan informaci\u00f3n sobre la manera de llevar adelante esta idea\u00bb, inici\u00f3 diciendo el Concejal por el FPV, el que resalt\u00f3 esta acci\u00f3n al se\u00f1alar que \u00abel ejemplo que ponen los chicos por el pr\u00f3jimo no nos deja de sorprender y es digno de imitar\u00bb.<\/p>\n<p>\u00abEllos tienen muy claro cu\u00e1les son los aspectos que predominar\u00e1n en este proyecto y creo que lograr\u00e1n un cambio muy positivo para todos los pacientes con diabetes\u00bb, inform\u00f3 Garay.<\/p>\n<p>Ahora los estudiantes presenciar\u00e1n la pr\u00f3xima sesi\u00f3n en el recinto del Concejo Deliberante, con la intenci\u00f3n de conocer el desenlace final de cada una de las propuestas que all\u00ed tienen tratamiento.<\/p>\n<p>\u00abPara nosotros fue una gran experiencia \u2013avanz\u00f3 diciendo Garay- porque los chicos nos refrescan las ideas con la sencillez de los temas y a la vez por la sensibilidad que \u00e9stos tienen\u00bb. El edil enfatiz\u00f3 que \u00abno queda m\u00e1s que ponernos a disposici\u00f3n de toda la comunidad, porque la realizaci\u00f3n de proyectos no es exclusivo de los ediles, sino que cualquier sector social, como en este caso un establecimiento educativo, puede elaborar y ver realizadas sus ideas en la b\u00fasqueda del bienestar social\u00bb.<\/p>\n<p>Por \u00faltimo, el concejal Garay, agradeci\u00f3 a la instituci\u00f3n \u00abpor permitirnos hacer nuestros aporte para que logren el objetivo, y desde el Concejo Deliberante estaremos esperando la presentaci\u00f3n del proyecto\u00bb, resaltando la posibilidad de convocar a los estudiantes para que \u00abnos cuenten su experiencia y el objetivo final de la propuesta, la que, por lo que nos han adelantado, busca mejorar la calidad de vida de aquellas personas que sufren diabetes\u00bb, concluy\u00f3 diciendo el edil.<\/p>\n<h6>Fuente: Sur 54<\/h6>\n","protected":false},"excerpt":{"rendered":"<p>Convocado por las autoridades del Colegio del Cono Sur, el concejal H\u00e9ctor \u00abMoncho\u00bb Garay, se interioriz\u00f3 de un trabajo que llevan adelante los alumnos de 6\u00b0 a\u00f1o, quienes se encuentran trabajando en la realizaci\u00f3n de un proyecto de ordenanza que esperan presentar en el Concejo Deliberante para su aplicaci\u00f3n. \u00abLas docentes Andrea M\u00f3naco y Wanda<\/p>\n","protected":false},"author":2,"featured_media":14325,"comment_status":"closed","ping_status":"closed","sticky":false,"template":"","format":"standard","meta":{"footnotes":""},"categories":[2],"tags":[34],"class_list":["post-14324","post","type-post","status-publish","format-standard","has-post-thumbnail","hentry","category-informe-municipal","tag-tierra-del-fuego"],"_links":{"self":[{"href":"http:\/\/argentinamunicipal.com.ar\/argentina\/wp-json\/wp\/v2\/posts\/14324","targetHints":{"allow":["GET"]}}],"collection":[{"href":"http:\/\/argentinamunicipal.com.ar\/argentina\/wp-json\/wp\/v2\/posts"}],"about":[{"href":"http:\/\/argentinamunicipal.com.ar\/argentina\/wp-json\/wp\/v2\/types\/post"}],"author":[{"embeddable":true,"href":"http:\/\/argentinamunicipal.com.ar\/argentina\/wp-json\/wp\/v2\/users\/2"}],"replies":[{"embeddable":true,"href":"http:\/\/argentinamunicipal.com.ar\/argentina\/wp-json\/wp\/v2\/comments?post=14324"}],"version-history":[{"count":0,"href":"http:\/\/argentinamunicipal.com.ar\/argentina\/wp-json\/wp\/v2\/posts\/14324\/revisions"}],"wp:featuredmedia":[{"embeddable":true,"href":"http:\/\/argentinamunicipal.com.ar\/argentina\/wp-json\/wp\/v2\/media\/14325"}],"wp:attachment":[{"href":"http:\/\/argentinamunicipal.com.ar\/argentina\/wp-json\/wp\/v2\/media?parent=14324"}],"wp:term":[{"taxonomy":"category","embeddable":true,"href":"http:\/\/argentinamunicipal.com.ar\/argentina\/wp-json\/wp\/v2\/categories?post=14324"},{"taxonomy":"post_tag","embeddable":true,"href":"http:\/\/argentinamunicipal.com.ar\/argentina\/wp-json\/wp\/v2\/tags?post=14324"}],"curies":[{"name":"wp","href":"https:\/\/api.w.org\/{rel}","templated":true}]}}