{"id":143266,"date":"2024-01-15T05:00:31","date_gmt":"2024-01-15T08:00:31","guid":{"rendered":"http:\/\/argentinamunicipal.com.ar\/argentina\/?p=143266"},"modified":"2024-01-10T19:48:48","modified_gmt":"2024-01-10T22:48:48","slug":"los-municipios-mendocinos-acotaron-reprogramaron-o-cancelaron-sus-festivales","status":"publish","type":"post","link":"http:\/\/argentinamunicipal.com.ar\/argentina\/los-municipios-mendocinos-acotaron-reprogramaron-o-cancelaron-sus-festivales\/","title":{"rendered":"Los municipios mendocinos acotaron, reprogramaron o cancelaron sus festivales"},"content":{"rendered":"<p>En medio de recortes presupuestarios, las y los intendentes tuvieron que ahorrar en artistas y reducir las noches de sus fiestas nacionales y populares.<\/p>\n<p>En medio de recortes presupuestarios e incertidumbre por el futuro de las econom\u00edas regionales, los municipios mendocinos optaron por reducir las noches de sus fiestas nacionales y populares, ahorrar en artistas, cambiar de fechas o directamente suspender las esperadas noches festivaleras del verano mendocino.<\/p>\n<p>Tal es la decisi\u00f3n que tom\u00f3 el intendente electo del municipio de Rivadavia, Ricardo Mansur, quien confirm\u00f3 la\u00a0suspensi\u00f3n del tradicional festival Rivadavia le Canta al Pa\u00eds\u00a0porque \u00abno puede hacer frente a los gastos que demanda y tiene que cumplir con otros compromisos pendientes\u00bb.<\/p>\n<p>\u00abNo se puede encarar un festival que costar\u00eda aproximadamente 250 millones de pesos con este tipo de gastos que debemos afrontar en el municipio\u00bb, declar\u00f3 el jefe comunal, quien s\u00ed garantiz\u00f3 la realizaci\u00f3n de la\u00a0Fiesta de la Vendimia de Rivadavia\u00a0\u00abporque tenemos que homenajear a los productores\u00bb.<\/p>\n<p>En Tunuy\u00e1n, donde cada febrero se realiza el\u00a0Festival Nacional de la Tonada, el intendente Emir Andraos evalu\u00f3 en un principio la cancelaci\u00f3n pero finalmente decidi\u00f3 realizar la\u00a042\u00b0 edici\u00f3n bajo una modalidad m\u00e1s acotada\u00a0en d\u00edas y grilla de bandas.<\/p>\n<p>\u00abDespu\u00e9s de varias reuniones, como equipo decidimos realizar el festival en un formato adaptado que nos permita darle continuidad y la jerarqu\u00eda que se merece\u00bb, comunicaron desde ese municipio del Valle de Uco.<\/p>\n<p>En concreto, el s\u00e1bado 3 de febrero se llevar\u00e1 a cabo la\u00a0Fiesta de la Vendimia\u00a0con su espect\u00e1culo art\u00edstico, la Elecci\u00f3n de la Reina y el esperado cierre con la reconocida Banda Estelares; y el 4 con actuaciones de artistas locales y provinciales, el humorista tucumano Oficial Gordillo, y la presencia del grupo folkl\u00f3rico Los Tekis, originario de Jujuy.<\/p>\n<p>El recorte presupuestario alcanzar\u00eda adem\u00e1s a la tradicional y m\u00e1xima\u00a0Fiesta Nacional de la Vendimia\u00a0que este a\u00f1o, baj\u00f3 el nombre de \u00abCoronados de historia y futuro\u00bb, tendr\u00e1 su noche central y dos repeticiones el primer fin de semana de marzo, pero a\u00fan sin artistas confirmados.<\/p>\n<p>Las que s\u00ed est\u00e1n aseguradas son las fiestas departamentales de Vendimia, para las cuales la ex titular del \u00e1rea de Turismo, Nora Vicario, hab\u00eda destacado hace pocos d\u00edas el trabajo con los directores de Cultura de los municipios \u00abpara poner en com\u00fan la agenda de la Temporada de Vendimia\u00bb.<\/p>\n<p>Desde el \u00e1rea, remarcaron la decisi\u00f3n \u00abde promover las agendas culturales vinculadas con el turismo, el vino, la gastronom\u00eda, la sustentabilidad, las nuevas audiencias, la integraci\u00f3n de otras \u00e1reas, el desarrollo econ\u00f3mico y la econom\u00eda circular\u00bb.<\/p>\n<p>Hacia el sur de Mendoza, los primeros d\u00edas de enero la ciudad cordillerana de Malarg\u00fce se vest\u00eda de m\u00fasica y color con su\u00a0Fiesta Nacional del Chivo, la que fue cancelada a fin de a\u00f1o pasado pero ahora, a pedido de los vecinos e instituciones, el municipio en forma colaborativa con organizaciones y artistas locales, retoma, program\u00e1ndola para los d\u00edas 9, 10 y 11 de febrero con entrada gratuita y en coincidencia la noche del 10 con su Vendimia Departamental.<\/p>\n<p>A diferencia de otros a\u00f1os donde sub\u00edan al escenario mayor figuras de renombre nacional e internacional, el intendente Celso Jaque sostuvo que esta edici\u00f3n \u00abser\u00e1 diferente y primar\u00e1 la actuaci\u00f3n de bailarines y cantantes de Malarg\u00fce\u00bb.<\/p>\n<p>La decisi\u00f3n de retomar el evento se enmarca en el compromiso de la administraci\u00f3n municipal y las instituciones locales como Amatur, C\u00e1mara de Comercio y Sociedad Ganadera del Secano Mendocino, de encontrar soluciones creativas para impulsar la econom\u00eda local y satisfacer las demandas culturales de los ciudadanos.<\/p>\n<p>En Lavalle, el intendente Edgardo Gonz\u00e1lez, anunci\u00f3 la\u00a0suspensi\u00f3n del esperado Festival del Mel\u00f3n y la Sand\u00eda, que ten\u00eda su fecha a mediados de enero junto al siempre popular\u00a0Festival del Cosechador, y dado que los presupuestos se estimaban entre los 60 millones y 75 millones de pesos por show, la comuna opt\u00f3 por enfocarse en las necesidades m\u00e1s apremiantes.<\/p>\n<p>En tanto, en Jun\u00edn s\u00ed se har\u00e1 el\u00a0Encuentro por las Naciones\u00a0del 21 al 23 de enero con las actuaciones de Los Palmeras, La Konga, y Abel Pintos.<\/p>\n<h6>Fuente: Telam<\/h6>\n","protected":false},"excerpt":{"rendered":"<p>En medio de recortes presupuestarios, las y los intendentes tuvieron que ahorrar en artistas y reducir las noches de sus fiestas nacionales y populares.<\/p>\n","protected":false},"author":2,"featured_media":143267,"comment_status":"closed","ping_status":"closed","sticky":false,"template":"","format":"standard","meta":{"footnotes":""},"categories":[2],"tags":[31],"class_list":["post-143266","post","type-post","status-publish","format-standard","has-post-thumbnail","hentry","category-informe-municipal","tag-mendoza"],"_links":{"self":[{"href":"http:\/\/argentinamunicipal.com.ar\/argentina\/wp-json\/wp\/v2\/posts\/143266","targetHints":{"allow":["GET"]}}],"collection":[{"href":"http:\/\/argentinamunicipal.com.ar\/argentina\/wp-json\/wp\/v2\/posts"}],"about":[{"href":"http:\/\/argentinamunicipal.com.ar\/argentina\/wp-json\/wp\/v2\/types\/post"}],"author":[{"embeddable":true,"href":"http:\/\/argentinamunicipal.com.ar\/argentina\/wp-json\/wp\/v2\/users\/2"}],"replies":[{"embeddable":true,"href":"http:\/\/argentinamunicipal.com.ar\/argentina\/wp-json\/wp\/v2\/comments?post=143266"}],"version-history":[{"count":0,"href":"http:\/\/argentinamunicipal.com.ar\/argentina\/wp-json\/wp\/v2\/posts\/143266\/revisions"}],"wp:featuredmedia":[{"embeddable":true,"href":"http:\/\/argentinamunicipal.com.ar\/argentina\/wp-json\/wp\/v2\/media\/143267"}],"wp:attachment":[{"href":"http:\/\/argentinamunicipal.com.ar\/argentina\/wp-json\/wp\/v2\/media?parent=143266"}],"wp:term":[{"taxonomy":"category","embeddable":true,"href":"http:\/\/argentinamunicipal.com.ar\/argentina\/wp-json\/wp\/v2\/categories?post=143266"},{"taxonomy":"post_tag","embeddable":true,"href":"http:\/\/argentinamunicipal.com.ar\/argentina\/wp-json\/wp\/v2\/tags?post=143266"}],"curies":[{"name":"wp","href":"https:\/\/api.w.org\/{rel}","templated":true}]}}