{"id":14327,"date":"2014-08-29T07:57:43","date_gmt":"2014-08-29T10:57:43","guid":{"rendered":"http:\/\/argentinamunicipal.com.ar\/argentina\/?p=14327"},"modified":"2014-08-28T17:00:24","modified_gmt":"2014-08-28T20:00:24","slug":"estacionamiento-medido-en-rio-grande-explicaron-la-propuesta-de-municipalizacion","status":"publish","type":"post","link":"http:\/\/argentinamunicipal.com.ar\/argentina\/estacionamiento-medido-en-rio-grande-explicaron-la-propuesta-de-municipalizacion\/","title":{"rendered":"Estacionamiento medido\u00a0en R\u00edo Grande:\u00a0explicaron la propuesta de municipalizaci\u00f3n"},"content":{"rendered":"<p><a href=\"http:\/\/argentinamunicipal.com.ar\/argentina\/wp-content\/uploads\/2014\/08\/1409170842-600concejalesrg_rossi_estacionamiento_thumb_550.jpg\"><img loading=\"lazy\" decoding=\"async\" class=\"aligncenter size-full wp-image-14328\" src=\"http:\/\/argentinamunicipal.com.ar\/argentina\/wp-content\/uploads\/2014\/08\/1409170842-600concejalesrg_rossi_estacionamiento_thumb_550.jpg\" alt=\"1409170842-600concejalesrg_rossi_estacionamiento_thumb_550\" width=\"550\" height=\"412\" srcset=\"http:\/\/argentinamunicipal.com.ar\/argentina\/wp-content\/uploads\/2014\/08\/1409170842-600concejalesrg_rossi_estacionamiento_thumb_550.jpg 550w, http:\/\/argentinamunicipal.com.ar\/argentina\/wp-content\/uploads\/2014\/08\/1409170842-600concejalesrg_rossi_estacionamiento_thumb_550-300x224.jpg 300w\" sizes=\"auto, (max-width: 550px) 100vw, 550px\" \/><\/a><br \/>\nLos concejales recibieron hoy, en el marco de la Comisi\u00f3n 5 de Legislaci\u00f3n e Interpretaci\u00f3n que preside el Concejal Alejandro Nogar, al secretario de Gobierno Paulino Rossi a los efectos de interiorizarse sobre la propuesta del Municipio para la implementaci\u00f3n de un nuevo sistema de Estacionamiento Medido.<\/p>\n<p>El encuentro surgi\u00f3 luego de las cr\u00edticas que el concejal Alfredo Guill\u00e9n formul\u00f3 a la propuesta y reclam\u00f3 mayor informaci\u00f3n sobre el particular y tambi\u00e9n sobre las formas en que concluy\u00f3 la concesi\u00f3n anterior de la empresa Estrategic Group.<\/p>\n<p>El encuentro fue presidido por el titular de la Comisi\u00f3n, Alejandro Nogar y los concejales Laura Colazo, Mauricio Oyarzo, Alfredo Guill\u00e9n, H\u00e9ctor Garay y Esteban Mart\u00ednez.<\/p>\n<p>Por su parte el concejal Nogar detall\u00f3 que \u201cel sistema de estacionamiento medido que quiere implementar el Municipio es estatal y para mediados de septiembre nos dijeron que ven\u00eda la gente de la empresa a R\u00edo Grande para realizar una presentaci\u00f3n en el Concejo Deliberante para que podamos evacuar todas las dudas que tengamos\u201d.<\/p>\n<p>Asimismo remarc\u00f3 que \u201cmi posici\u00f3n particular es que la ciudad debe contar con un estacionamiento medido, porque el parque automotor es muy grande y se hace muy dif\u00edcil poder estacionarse en alg\u00fan lugar, por lo cual es importante que haya un sistema de estacionamiento medido para regularizar el sistema del tr\u00e1nsito\u201d.<\/p>\n<p>Adem\u00e1s mantuvo que \u201cel secretario de Gobierno indic\u00f3 que se pondr\u00eda en marcha el sistema sin un cobro del mismo en los primeros tiempos para que la gente tenga un ejercicio de c\u00f3mo se va a manejar este sistema, mientras que el cobro comenzar\u00eda a realizarse a partir del pr\u00f3ximo a\u00f1o\u201d.<\/p>\n<p>En cuanto a Estrategic Group plante\u00f3 que \u201cdesde nuestro bloque hemos presentado varios pedidos de informe respecto a la anterior empresa, fue una empresa totalmente fantasma y vimos con agrado que el Ejecutivo haya sacado a esta empresa porque no cumpli\u00f3 con nada de lo que estaba en el pliego de la licitaci\u00f3n. Queremos cerrar el cap\u00edtulo de la anterior empresa y en estos d\u00edas el Municipio nos enviar\u00e1 c\u00f3mo fue cerrado el expediente y ah\u00ed veremos c\u00f3mo se implementa la nueva empresa en a ciudad\u201d.<\/p>\n<p>La concejal Laura Colazo luego de la reuni\u00f3n se\u00f1al\u00f3 que \u201chemos escuchado al secretario de Gobierno Paulino Rossi respecto al trabajo con la empresa Altec de la provincia de R\u00edo Negro, y anunci\u00f3 que durante el mes de septiembre van a venir con una propuesta m\u00e1s cerrada en cuanto a qu\u00e9 tecnolog\u00eda se va a implementar para aplicar al cobro del estacionamiento medido en R\u00edo Grande\u201d.<\/p>\n<p>Puntualiz\u00f3 que \u201cdesde nuestro bloque planteamos dos cuestiones, una que tiene que ver con el canon. Como ser\u00e1 un servicio municipal, el 100% de los recursos ingresaran al Municipio, dado que antes era solamente el 10% del canon. Queremos darle a esos fondos un destino desde el Concejo Deliberante para obras u objetivos que estamos trabajando y queremos trabajarlo junto con los vecinos de acuerdo a las necesidades que tiene la ciudad en cada barrio\u201d.<\/p>\n<p>Por otro lado la edil se refiri\u00f3 a qu\u00e9 suced\u00eda si el vecino no pagaba el estacionamiento se\u00f1alando que \u201cdesde el Ejecutivo plantearon que se le va a cobrar una multa que var\u00eda entre los 800 y 2500 pesos de acuerdo a lo que dice el c\u00f3digo tributario y estamos en total desacuerdo porque nos parece que es un monto excesivo y por lo cual debemos trabajar esta situaci\u00f3n para que no sea tan oneroso el no pago del estacionamiento medido\u201d.<\/p>\n<p>En cuanto a la manera en que se hab\u00eda concluido con el servicio de estacionamiento medido anterior, la edil especific\u00f3 que \u201clamentablemente fue un fracaso, se trabaj\u00f3 mucho en el pliego desde el Concejo Deliberante de parte de todos los bloques, pero hubo un problema con esta empresa y se le rescindi\u00f3 el contrato\u201d, dijo, al tiempo que remarc\u00f3 que \u201cen lo personal me gustar\u00eda recibir todas las actuaciones que esta llevando adelante el Municipio con respecto a la ejecuci\u00f3n de la garant\u00eda que era un monto bastante alto que entendemos que debe ejecutarse para que el Municipio pueda verse reparado, pero lo importante es tener todo por escrito y que nos remitan todas las actuaciones que se han hecho de parte del Municipio para poder seguir adelante y pensar en esta nueva forma de cobro con esta empresa estatal de R\u00edo Negro\u201d.<\/p>\n<p>En cuanto a si hab\u00eda un plazo de tiempo estipulado para el funcionamiento de la nueva empresa, puntualiz\u00f3 que \u201ca mediados de septiembre va a venir la empresa con la propuesta concreta, y la implementaci\u00f3n llevar\u00e1 un tiempo de entre dos a tres meses, y en un comienzo ser\u00e1 de forma gratuita hasta que los vecinos de la ciudad se acostumbren a como es el sistema de cobro para que despu\u00e9s en un futuro comenzar a cobrarlo\u201d.<\/p>\n<p>El secretario de Gobierno Paulino Rossi explic\u00f3 los alcances de las aclaraciones brindadas en el Concejo Deliberante en torno al sistema de Estacionamiento Medido que busca implementar el Ejecutivo Municipal.<\/p>\n<p>Rossi coment\u00f3 que durante la reuni\u00f3n con los Concejales \u201cplanteamos que queremos municipalizar el servicio y presentamos un proyecto que presenta unas modificaciones menores\u201d dado que \u201cestaba enfocada para poder concesionarlo a un privado y ahora nosotros vamos a prestar el servicio\u201d.<\/p>\n<p>Se trata de \u201cuna propuesta que vemos como m\u00e1s viable que es una empresa estatal de la provincia de R\u00edo Negro, ALTEC, y en los pr\u00f3ximos d\u00edas van a venir los equipos t\u00e9cnicos y nos vamos a reunir en el Concejo Deliberante para que puedan explicar las distintas alternativas y sacar todas las dudas t\u00e9cnicas\u201d.<\/p>\n<p>Con relaci\u00f3n a las dudas que los Concejales tienen con relaci\u00f3n a la finalizaci\u00f3n de la concesi\u00f3n anterior de la empresa Estategic Group, Rossi explic\u00f3 que \u201cno hay dudas porque se rescindi\u00f3 el contrato\u201d adem\u00e1s asegur\u00f3 que \u201cno hay ning\u00fan pedido de informe desde el Concejo Deliberante al Ejecutivo y nos comprometimos a enviar la documentaci\u00f3n porque el Tribunal de Cuentas est\u00e1 investigando esto pero no hay ning\u00fan pedido de informes\u201d incluso remarc\u00f3 que \u201cel contrato se rescindi\u00f3 por el Concejo Deliberante que era uno de los requisitos\u201d y ratific\u00f3 que desde el Ejecutivo \u201cvamos a enviar toda la informaci\u00f3n que corresponda\u201d.<\/p>\n<p>Adem\u00e1s asegur\u00f3 que con relaci\u00f3n a el seguro de cauci\u00f3n y las multas remarc\u00f3 que desde el Municipio \u201cvamos a enviar la informaci\u00f3n como lo estamos haciendo con el Tribunal de Cuentas\u201d, adem\u00e1s asegur\u00f3 que \u201cel Departamento de Jur\u00eddicos est\u00e1 realizando las actuaciones pertinentes\u201d.<\/p>\n<p>Rossi elogi\u00f3 la propuesta acercada por el Municipio porque \u201ces una empresa estatal que brinda soluciones tecnol\u00f3gicas en toda la Argentina y la ventaja de un total control del sistema y va a ser mucho m\u00e1s din\u00e1mico\u201d.<\/p>\n<p>Con relaci\u00f3n a los tiempos de implementaci\u00f3n, el secretario de Gobierno indic\u00f3 que \u201cantes de fin de a\u00f1o lo tenemos que tener implementado\u201d aunque aclar\u00f3 que \u201cser\u00e1 de manera progresiva\u201d asegur\u00f3 que se trata de \u201cuna compra y de lo recaudado se le paga a la empresa\u201d.<\/p>\n<p>Con relaci\u00f3n a la recaudaci\u00f3n explic\u00f3 que se propone \u201cque el 10% siga siendo para pol\u00edticas de inclusi\u00f3n en discapacidad; y el resto para el sostenimiento del sistema\u201d.<\/p>\n<h6>Fuente: Sur 54<\/h6>\n","protected":false},"excerpt":{"rendered":"<p>Los concejales recibieron hoy, en el marco de la Comisi\u00f3n 5 de Legislaci\u00f3n e Interpretaci\u00f3n que preside el Concejal Alejandro Nogar, al secretario de Gobierno Paulino Rossi a los efectos de interiorizarse sobre la propuesta del Municipio para la implementaci\u00f3n de un nuevo sistema de Estacionamiento Medido. El encuentro surgi\u00f3 luego de las cr\u00edticas que<\/p>\n","protected":false},"author":2,"featured_media":14328,"comment_status":"closed","ping_status":"closed","sticky":false,"template":"","format":"standard","meta":{"footnotes":""},"categories":[2],"tags":[34],"class_list":["post-14327","post","type-post","status-publish","format-standard","has-post-thumbnail","hentry","category-informe-municipal","tag-tierra-del-fuego"],"_links":{"self":[{"href":"http:\/\/argentinamunicipal.com.ar\/argentina\/wp-json\/wp\/v2\/posts\/14327","targetHints":{"allow":["GET"]}}],"collection":[{"href":"http:\/\/argentinamunicipal.com.ar\/argentina\/wp-json\/wp\/v2\/posts"}],"about":[{"href":"http:\/\/argentinamunicipal.com.ar\/argentina\/wp-json\/wp\/v2\/types\/post"}],"author":[{"embeddable":true,"href":"http:\/\/argentinamunicipal.com.ar\/argentina\/wp-json\/wp\/v2\/users\/2"}],"replies":[{"embeddable":true,"href":"http:\/\/argentinamunicipal.com.ar\/argentina\/wp-json\/wp\/v2\/comments?post=14327"}],"version-history":[{"count":0,"href":"http:\/\/argentinamunicipal.com.ar\/argentina\/wp-json\/wp\/v2\/posts\/14327\/revisions"}],"wp:featuredmedia":[{"embeddable":true,"href":"http:\/\/argentinamunicipal.com.ar\/argentina\/wp-json\/wp\/v2\/media\/14328"}],"wp:attachment":[{"href":"http:\/\/argentinamunicipal.com.ar\/argentina\/wp-json\/wp\/v2\/media?parent=14327"}],"wp:term":[{"taxonomy":"category","embeddable":true,"href":"http:\/\/argentinamunicipal.com.ar\/argentina\/wp-json\/wp\/v2\/categories?post=14327"},{"taxonomy":"post_tag","embeddable":true,"href":"http:\/\/argentinamunicipal.com.ar\/argentina\/wp-json\/wp\/v2\/tags?post=14327"}],"curies":[{"name":"wp","href":"https:\/\/api.w.org\/{rel}","templated":true}]}}