{"id":143281,"date":"2024-01-11T05:13:21","date_gmt":"2024-01-11T08:13:21","guid":{"rendered":"http:\/\/argentinamunicipal.com.ar\/argentina\/?p=143281"},"modified":"2024-01-10T20:20:28","modified_gmt":"2024-01-10T23:20:28","slug":"el-intendente-de-guaymallen-decidio-reducir-70-de-los-120-contratos-por-la-baja-en-la-recaudacion","status":"publish","type":"post","link":"http:\/\/argentinamunicipal.com.ar\/argentina\/el-intendente-de-guaymallen-decidio-reducir-70-de-los-120-contratos-por-la-baja-en-la-recaudacion\/","title":{"rendered":"El intendente de Guaymall\u00e9n decidi\u00f3 reducir 70 de los 120 contratos por la baja en la recaudaci\u00f3n"},"content":{"rendered":"<p>Seg\u00fan Marcos Calvente, el ajuste tiene que ver con que esperan recaudar el 35% menos y tambi\u00e9n por una baja en los fondos de coparticipaci\u00f3n y financiamiento educativo<\/p>\n<p>Acorde con el\u00a0ajuste del 20% que el gobernador Alfredo Cornejo le solicit\u00f3 a todos sus ministros\u00a0-y que se ver\u00e1 reflejado en una disminuci\u00f3n de las horas extras del personal de planta y de los contratos de locaci\u00f3n &#8211; el\u00a0intendente de Guaymall\u00e9n, Marcos Calvente\u00a0tambi\u00e9n anunci\u00f3 una decisi\u00f3n similar.<\/p>\n<p>En el caso de Guaymall\u00e9n, lo que Calvente decidi\u00f3 es una\u00a0reducci\u00f3n de casi el 60% de los contratos de locaci\u00f3n.\u00a0Para ponerlo en n\u00fameros reales, solamente quedar\u00e1n 50 contratos de locaci\u00f3n en pie, de los 120 que hoy tiene el municipio.<\/p>\n<p>Esto, seg\u00fan asegur\u00f3, tiene que ver con que han calculado una reducci\u00f3n del 35% o m\u00e1s en los ingresos del municipio, ya sea por menos fondos de coparticipaci\u00f3n nacional y provincial, como por una baja en el pago de tasas municipales.<\/p>\n<p><strong>C\u00f3mo se calcula la baja recaudaci\u00f3n en Guaymall\u00e9n<\/strong><br \/>\nLos ingresos por coparticipaci\u00f3n que se env\u00edan desde Naci\u00f3n a las provincias, y desde esta a los municipios, se componen principalmente de Impuesto a las Ganancias, IVA (grav\u00e1menes nacionales), e Impuesto Automotor (provincial, del cual el 70% de lo percibido por la Administraci\u00f3n Tributaria Mendoza se distribuye entre las 18 comunas de la provincia.<\/p>\n<p>El resto de los fondos provinciales -como los que llegan por Ingresos Brutos o Sellos, as\u00ed como los nacionales se distribuye el 18,8% a las comunas y el resto queda para la Provincia.<\/p>\n<p>La modificaci\u00f3n en el Impuesto a las Ganancias y la ca\u00edda de la recaudaci\u00f3n por efecto de la crisis econ\u00f3mica es lo que provocan que cada vez ingresen\u00a0menos fondos a Guaymall\u00e9n.<\/p>\n<p>Calvante puso \u00e9nfasis en las recientes decisiones nacionales, como la eliminaci\u00f3n de la cuarta categor\u00eda en el Impuesto a las Ganancias, m\u00e1s el panorama planteado por una muy posible disminuci\u00f3n de la recaudaci\u00f3n por IVA e Impuesto Automotor debido al enfriamiento econ\u00f3mico proyectado a mediano plazo.<\/p>\n<p>Entonces el jefe comunal lanz\u00f3 una dura advertencia: \u201cSi estas tendencias persisten y no se mantienen los fondos provenientes de la Ley de Financiamiento Educativo, el impacto en la econom\u00eda municipal podr\u00eda ser devastador, superando incluso el 35% de reducci\u00f3n en la recaudaci\u00f3n en t\u00e9rminos reales\u201d.<\/p>\n<p><strong>El ajuste golpea a todos los municipios<\/strong><br \/>\nLas cuentas que hace Calvente, alcanzan no s\u00f3lo a Guaymall\u00e9n, sino a todos los municipios de Mendoza. \u201cLa disponibilidad de fondos o de recursos financieros para la Municipalidad de Guaymall\u00e9n en particular, y para varios municipios del Gran Mendoza en general, depende sustancialmente de la recaudaci\u00f3n Nacional y Provincial.\u00a0Recaudaci\u00f3n que se ve fuertemente amenazada por las decisiones, necesarias o no, que est\u00e1 tomando el\u00a0ejecutivo nacional\u00a0y por el enorme deterioro de la macroeconom\u00eda\u201d, explic\u00f3.<\/p>\n<p>Seg\u00fan la explicaci\u00f3n del intendente, en el caso del departamento m\u00e1s poblado de Mendoza, en los a\u00f1os anteriores, los recursos econ\u00f3micos del municipio ten\u00edan una composici\u00f3n predecible, donde aproximadamente 70% proven\u00eda de fondos nacionales y provinciales a trav\u00e9s del r\u00e9gimen de coparticipaci\u00f3n municipal. El 30% restante se divid\u00eda entre ingresos municipales derivados de tasas y tributos, as\u00ed como de la renta financiera generada por los ahorros municipales.<\/p>\n<p>El intendente manifest\u00f3 que \u201cel panorama se torna sombr\u00edo ante las recientes decisiones del ejecutivo nacional, como la eliminaci\u00f3n de la cuarta categor\u00eda en el Impuesto a las Ganancias. Se espera una disminuci\u00f3n en la recaudaci\u00f3n de IVA e Impuesto Automotor debido al enfriamiento econ\u00f3mico proyectado a mediano plazo\u201d.<\/p>\n<p>Guaymall\u00e9n ya hab\u00eda hecho una disminuci\u00f3n de empleados<br \/>\nEn palabras del intendente, Guaymall\u00e9n, ya ven\u00eda ajust\u00e1ndose. Explic\u00f3 que en el comienzo de la gesti\u00f3n radical, a fines del 2015, en el municipio hab\u00edan 4.100 empleados.<\/p>\n<p>Actualmente, el n\u00famero es de 3.100 empleados, o sea, redujo la n\u00f3mina salarial en estos ocho a\u00f1os y la tendencia es seguir achicando, pero \u00bfc\u00f3mo se realiza esta disminuci\u00f3n de la planta de personal?. Calvente explic\u00f3 que las bajas que se dan no se van cubriendo y adem\u00e1s, se realizar\u00e1 esta baja de 70 contratos en los pr\u00f3ximos d\u00edas.<\/p>\n<h6>Fuente: Uno<\/h6>\n","protected":false},"excerpt":{"rendered":"<p>Seg\u00fan Marcos Calvente, el ajuste tiene que ver con que esperan recaudar el 35% menos y tambi\u00e9n por una baja en los fondos de coparticipaci\u00f3n y financiamiento educativo<\/p>\n","protected":false},"author":2,"featured_media":143282,"comment_status":"closed","ping_status":"closed","sticky":false,"template":"","format":"standard","meta":{"footnotes":""},"categories":[7],"tags":[31],"class_list":["post-143281","post","type-post","status-publish","format-standard","has-post-thumbnail","hentry","category-informe-sindical","tag-mendoza"],"_links":{"self":[{"href":"http:\/\/argentinamunicipal.com.ar\/argentina\/wp-json\/wp\/v2\/posts\/143281","targetHints":{"allow":["GET"]}}],"collection":[{"href":"http:\/\/argentinamunicipal.com.ar\/argentina\/wp-json\/wp\/v2\/posts"}],"about":[{"href":"http:\/\/argentinamunicipal.com.ar\/argentina\/wp-json\/wp\/v2\/types\/post"}],"author":[{"embeddable":true,"href":"http:\/\/argentinamunicipal.com.ar\/argentina\/wp-json\/wp\/v2\/users\/2"}],"replies":[{"embeddable":true,"href":"http:\/\/argentinamunicipal.com.ar\/argentina\/wp-json\/wp\/v2\/comments?post=143281"}],"version-history":[{"count":0,"href":"http:\/\/argentinamunicipal.com.ar\/argentina\/wp-json\/wp\/v2\/posts\/143281\/revisions"}],"wp:featuredmedia":[{"embeddable":true,"href":"http:\/\/argentinamunicipal.com.ar\/argentina\/wp-json\/wp\/v2\/media\/143282"}],"wp:attachment":[{"href":"http:\/\/argentinamunicipal.com.ar\/argentina\/wp-json\/wp\/v2\/media?parent=143281"}],"wp:term":[{"taxonomy":"category","embeddable":true,"href":"http:\/\/argentinamunicipal.com.ar\/argentina\/wp-json\/wp\/v2\/categories?post=143281"},{"taxonomy":"post_tag","embeddable":true,"href":"http:\/\/argentinamunicipal.com.ar\/argentina\/wp-json\/wp\/v2\/tags?post=143281"}],"curies":[{"name":"wp","href":"https:\/\/api.w.org\/{rel}","templated":true}]}}