{"id":143287,"date":"2024-01-11T05:45:49","date_gmt":"2024-01-11T08:45:49","guid":{"rendered":"http:\/\/argentinamunicipal.com.ar\/argentina\/?p=143287"},"modified":"2024-01-10T20:32:54","modified_gmt":"2024-01-10T23:32:54","slug":"inquilinos-de-mendoza-seguimos-en-la-lucha-entre-pagar-alquiler-o-comer","status":"publish","type":"post","link":"http:\/\/argentinamunicipal.com.ar\/argentina\/inquilinos-de-mendoza-seguimos-en-la-lucha-entre-pagar-alquiler-o-comer\/","title":{"rendered":"Inquilinos de Mendoza: \u00abSeguimos en la lucha entre pagar alquiler o comer\u00bb"},"content":{"rendered":"<p>Adriana Pe\u00f1a y Lillo de la Asociaci\u00f3n de Inquilinos Amparados Mendoza dialog\u00f3 con MDZ Radio 105.5 FM y asegur\u00f3 que \u00abesto es una violaci\u00f3n moral al pueblo\u00bb, tras la derogaci\u00f3n de la Ley de Alquileres.<\/p>\n<p>Tras la derogaci\u00f3n de la Ley de Alquileres producida por el Decreto de Necesidad y Urgencia (DNU) que firm\u00f3 el presidente Javier Milei, aumenta la incertidumbre acerca de c\u00f3mo se va a desarrollar el mercado inmobiliario y cu\u00e1les ser\u00e1n las normativas a las que deber\u00e1n adaptarse los inquilinos. La aplicaci\u00f3n del decreto establece que el contrato de alquiler se puede realizar en cualquier moneda, plazo y que las partes podr\u00e1n pactar el ajuste del valor de los alquileres.<\/p>\n<p>Desde las inmobiliarias ya est\u00e1n proponiendo una nueva\u00a0f\u00f3rmula de actualizaci\u00f3n y\u00a0contratos. La mayor\u00eda de las propuestas se adaptaron a contratos con una\u00a0duraci\u00f3n m\u00e1xima de 24 meses\u00a0y ajustes\u00a0cuatrimestrales, los aumentos cuatrimestrales o semestrales se basan en el\u00a0\u00cdndice de Precios al Consumidor (IPC)\u00a0o el\u00a0\u00cdndice de la C\u00e1mara Argentina de la Construcci\u00f3n (CAC), y se sigue solicitando el mismo pago a la hora de alquilar;\u00a0un mes de adelanto, uno de dep\u00f3sito y la presentaci\u00f3n de una garant\u00eda.<\/p>\n<p>Adriana Pe\u00f1a y Lillo de la Asociaci\u00f3n de Inquilinos Amparados Mendoza dialog\u00f3 con MDZ Radio 105.5 FM y explic\u00f3 la situaci\u00f3n actual de la Ley de Alquileres y c\u00f3mo est\u00e1 afectando a ambas partes que componen al sector. Comenz\u00f3 advirtiendo que \u00abel mercado est\u00e1 bastante delicado a pesar de que se est\u00e1 diciendo que han aumentado la cantidad de unidades habitacionales para alquilar. Desde el punto de vista que permanentemente se estudia, se ve un error en el DNU. Creo que podemos hablar de n\u00fameros y leyes, pero esto realmente llega a ser un flagelo mucho m\u00e1s terrible para todos los inquilinos, el impacto psicol\u00f3gico es tremendo. Esta carta para ayudar a sacar el pa\u00eds adelante es una ruleta rusa. Toca a los m\u00e1s a los menos indicados, que es la clase media\u00bb.<\/p>\n<p>A la hora de pensar en la supuesta igualdad de condiciones de las partes, Pe\u00f1a y Lillo afirm\u00f3 que \u00abesto tiene un impacto en ambas partes negociadoras, tanto para el inquilino como el propietario. Vengo diciendo incansablemente que la antigua ley no estaba protegiendo a ninguna de las partes. Por otro lado, nosotros ped\u00edamos una reforma, pero fue realmente ecu\u00e1nime. Los precios no son acordes a los ingresos que tiene cualquier tipo de trabajador. No solamente estamos hablando de un empleado com\u00fan, estamos hablando de mucha gente, hasta inclusive los profesionales est\u00e1n padeciendo este flagelo\u00bb.<\/p>\n<p>Adem\u00e1s, asegur\u00f3 que \u00abrealmente creo que esto fue una iniciativa de qui\u00e9nes gobiernan. No hay tinte pol\u00edtico en este tema, hay un tinte social. Estamos hablando de que en Mendoza ha aumentado la cantidad de inquilinos debido a que la situaci\u00f3n econ\u00f3mica llev\u00f3 a muchos a tener que vender sus propiedades. Hay algo escondido detr\u00e1s de todo esto. Realmente la base de cualquier familia es el hogar, el techo, si no ten\u00e9s la posibilidad de resguardar a tu familia, lo cu\u00e1l es un derecho constitucional y universal; indiscutiblemente no hay manera que puedas tener ning\u00fan tipo de ordenamiento en ninguna cosa que se les ocurra hacer como casting pol\u00edtico\u00bb.<\/p>\n<p>\u00abHoy d\u00eda te invaden\u00a0con la posibilidad de acceder a tu casa propia.\u00a0Est\u00e1n cambiando permanentemente los n\u00fameros. Estamos\u00a0en una nebulosa que va a terminar en un problema muy grave. Yo quiero entender que tanto los representantes del pueblo de\u00a0la provincia de Mendoza,\u00a0como a nivel nacional, van a tomar en consideraci\u00f3n que es horrible lo que este tema\u00a0est\u00e1 produciendo. Esto es una necesidad b\u00e1sica, entonces nos est\u00e1n violando constitucionalmente, desde todo punto de vista esto es una violaci\u00f3n moral al pueblo. No nos olvidemos que se est\u00e1 abriendo la puerta a los grandes inversores extranjeros para que vengan y compren todas las propiedades\u00bb, sostuvo.<\/p>\n<p>Por otra parte, la integrante de la Asociaci\u00f3n de Inquilinos Amparados Mendoza opin\u00f3 que \u00abesta es la peor \u00e9poca en la que yo he estado alquilando. No s\u00e9 si pasa por una cuesti\u00f3n de humanidad o lesa humanidad, pero en alg\u00fan punto al principio ten\u00edas la posibilidad de poder estar dentro de un panorama. Seguimos en la lucha de que\u00a0pagas el alquiler o comes\u00bb.<\/p>\n<p>\u00abAc\u00e1 hay una cuesti\u00f3n de regla temporaria que est\u00e1 diciendo\u00a0que de aqu\u00ed a que tomen en consideraci\u00f3n un amparo, o que la justicia se expida, o que realmente el presidente y los gobernadores tomen en consideraci\u00f3n\u00a0una decisi\u00f3n, cu\u00e1nto tiempo va a pasar. Esto realmente est\u00e1 muy desfasado y tenemos que entender\u00a0que ya no es inquietante, realmente est\u00e1n provocando un desastre\u00bb.<\/p>\n<h6>Fuente: MDZ<\/h6>\n","protected":false},"excerpt":{"rendered":"<p>Adriana Pe\u00f1a y Lillo de la Asociaci\u00f3n de Inquilinos Amparados Mendoza dialog\u00f3 con MDZ Radio 105.5 FM y asegur\u00f3 que \u00abesto es una violaci\u00f3n moral al pueblo\u00bb, tras la derogaci\u00f3n de la Ley de Alquileres.<\/p>\n","protected":false},"author":2,"featured_media":143288,"comment_status":"closed","ping_status":"closed","sticky":false,"template":"","format":"standard","meta":{"footnotes":""},"categories":[2],"tags":[31],"class_list":["post-143287","post","type-post","status-publish","format-standard","has-post-thumbnail","hentry","category-informe-municipal","tag-mendoza"],"_links":{"self":[{"href":"http:\/\/argentinamunicipal.com.ar\/argentina\/wp-json\/wp\/v2\/posts\/143287","targetHints":{"allow":["GET"]}}],"collection":[{"href":"http:\/\/argentinamunicipal.com.ar\/argentina\/wp-json\/wp\/v2\/posts"}],"about":[{"href":"http:\/\/argentinamunicipal.com.ar\/argentina\/wp-json\/wp\/v2\/types\/post"}],"author":[{"embeddable":true,"href":"http:\/\/argentinamunicipal.com.ar\/argentina\/wp-json\/wp\/v2\/users\/2"}],"replies":[{"embeddable":true,"href":"http:\/\/argentinamunicipal.com.ar\/argentina\/wp-json\/wp\/v2\/comments?post=143287"}],"version-history":[{"count":0,"href":"http:\/\/argentinamunicipal.com.ar\/argentina\/wp-json\/wp\/v2\/posts\/143287\/revisions"}],"wp:featuredmedia":[{"embeddable":true,"href":"http:\/\/argentinamunicipal.com.ar\/argentina\/wp-json\/wp\/v2\/media\/143288"}],"wp:attachment":[{"href":"http:\/\/argentinamunicipal.com.ar\/argentina\/wp-json\/wp\/v2\/media?parent=143287"}],"wp:term":[{"taxonomy":"category","embeddable":true,"href":"http:\/\/argentinamunicipal.com.ar\/argentina\/wp-json\/wp\/v2\/categories?post=143287"},{"taxonomy":"post_tag","embeddable":true,"href":"http:\/\/argentinamunicipal.com.ar\/argentina\/wp-json\/wp\/v2\/tags?post=143287"}],"curies":[{"name":"wp","href":"https:\/\/api.w.org\/{rel}","templated":true}]}}