{"id":143326,"date":"2024-01-15T05:00:31","date_gmt":"2024-01-15T08:00:31","guid":{"rendered":"http:\/\/argentinamunicipal.com.ar\/argentina\/?p=143326"},"modified":"2024-01-11T19:56:31","modified_gmt":"2024-01-11T22:56:31","slug":"el-intendente-de-san-carlos-mendoza-recorto-200-contratos-de-coparticipacion-perdimos-100-millones","status":"publish","type":"post","link":"http:\/\/argentinamunicipal.com.ar\/argentina\/el-intendente-de-san-carlos-mendoza-recorto-200-contratos-de-coparticipacion-perdimos-100-millones\/","title":{"rendered":"El intendente de San Carlos, Mendoza, recort\u00f3 200 contratos: \u00abDe coparticipaci\u00f3n perdimos $100 millones\u00bb"},"content":{"rendered":"<p>Alejandro Morillas asegur\u00f3 que ante la ca\u00edda de lo que la comuna recib\u00eda de coparticipaci\u00f3n se vio forzado a aplicar un ahorro. Congel\u00f3 sueldos y recort\u00f3 el uso de autos oficiales<\/p>\n<p>La ola de recortes de contratos en las comunas lleg\u00f3 tambi\u00e9n a San Carlos. El intendente Alejandro Morillas, en medio de un esquema de ahorro estatal, decidi\u00f3 recortar 200 de los contratos que ten\u00eda, pero asegur\u00f3 que a la par gest\u00f3 un convenio con el Ej\u00e9rcito para que los capacite en oficios que puedan asegurarles tener otro ingreso.<br \/>\n\u00abSabemos que\u00a0200 contratos es un n\u00famero grande para una comuna chica como la nuestra, por eso decidimos avanzar con ese convenio con el Ej\u00e9rcito para que esa gente no se quede sin trabajo, sino que se capacite y pueda recuperar ingresos con distintos oficios que son necesarios en nuestra econom\u00eda\u00bb, reconoci\u00f3 el jefe comunal sancarlino.<\/p>\n<p>El convenio del que habla es que estableci\u00f3 con el Teniente Coronel del Regimiento de Campo Los Andes, Dar\u00edo Sosa por el cual\u00a0el Ej\u00e9rcito aportar\u00e1 las instalaciones y sus capacitadores para que esos 200 contratados reciban cursos de oficios para ser panaderos, zapateros y hacer tareas de herrer\u00eda.<\/p>\n<p>Seg\u00fan cont\u00f3 el jefe comunal, ese recorte de contratos obedece a un forzado ahorro que deber\u00e1 ejecutar ante un escenario doblemente dif\u00edcil: a San Carlos se le cayeron los ingresos por coparticipaci\u00f3n del 20%, lo que en sus arcas significa un recorte de unos $100 millones, y a la par deber\u00e1n enfrentar la duplicaci\u00f3n de costos en varios rubros, como es el caso del combustible.<\/p>\n<p>\u00abEl costo del combustible que ten\u00edamos presupuestado se nos duplic\u00f3 y hay que idear formas para ahorrar. Hay que recordar que\u00a0tenemos votado un presupuesto de $15.000 millones y debemos ser responsables,\u00a0porque de otra manera a mitad de a\u00f1o ya vamos a tener que pedir ampliaci\u00f3n de ese presupuesto\u00bb, marc\u00f3.<\/p>\n<p>De ejemplo cont\u00f3 que \u00e9l se traslada en su auto particular y dispuso que sus funcionarios hagan lo mismo para ahorrar el uso de combustible. Lo mismo aplic\u00f3 para el pago de los celulares oficiales, en donde tambi\u00e9n hubo recortes y quedaron como uso exclusivo de funcionarios de primera l\u00ednea.<\/p>\n<p>Seg\u00fan precis\u00f3\u00a0las 20 unidades que componen la flota de veh\u00edculos oficiales sancarlinos s\u00f3lo se utilizar\u00e1n en casos especiales.<\/p>\n<p><strong>Adem\u00e1s del recorte hubo congelamiento de sueldos en San Carlos<\/strong><br \/>\nEl 28 de diciembre pasado Diario UNO contaba una de las primeras medidas que tomaba Morillas para recortar gastos y tratar de no quedar desfinanciado: decidi\u00f3 congelarle el sueldo a sus funcionarios por tres meses, incluido su propio salario.<\/p>\n<p>\u00abEs para evitar cualquier desbalance que pueda venir con la crisis\u00bb, contest\u00f3 Morillas en aquel momento. Ese \u00abcepo\u00bb a los ingresos abarc\u00f3 a todos los funcionarios de nivel y los miembros del Concejo Deliberante. \u00abDel intendente para abajo, abarca a todos\u00bb, coment\u00f3.<\/p>\n<p>Durar\u00e1 hasta marzo del a\u00f1o que viene\u00a0y se sumar\u00e1 a otras decisiones que van por la misma v\u00eda. El municipio hab\u00eda creado\u00a012 cargos de coordinaciones, pero 10 de ellos no se van a otorgar\u00a0durante todo 2024. Es decir, las contrataciones que iba a haber para esos puestos, finalmente no se van a realizar, al menos hasta\u00a0enero de 2025.<\/p>\n<p>A eso se suma que\u00a0tampoco habr\u00e1 ingresos a cinco direcciones\u00a0que tiene la intendencia, y que de todos modos ser\u00e1n manejadas por personal de planta.<\/p>\n<h6>Fuente: UNo<\/h6>\n","protected":false},"excerpt":{"rendered":"<p>Alejandro Morillas asegur\u00f3 que ante la ca\u00edda de lo que la comuna recib\u00eda de coparticipaci\u00f3n se vio forzado a aplicar un ahorro. Congel\u00f3 sueldos y recort\u00f3 el uso de autos oficiales<\/p>\n","protected":false},"author":2,"featured_media":143327,"comment_status":"closed","ping_status":"closed","sticky":false,"template":"","format":"standard","meta":{"footnotes":""},"categories":[7],"tags":[31],"class_list":["post-143326","post","type-post","status-publish","format-standard","has-post-thumbnail","hentry","category-informe-sindical","tag-mendoza"],"_links":{"self":[{"href":"http:\/\/argentinamunicipal.com.ar\/argentina\/wp-json\/wp\/v2\/posts\/143326","targetHints":{"allow":["GET"]}}],"collection":[{"href":"http:\/\/argentinamunicipal.com.ar\/argentina\/wp-json\/wp\/v2\/posts"}],"about":[{"href":"http:\/\/argentinamunicipal.com.ar\/argentina\/wp-json\/wp\/v2\/types\/post"}],"author":[{"embeddable":true,"href":"http:\/\/argentinamunicipal.com.ar\/argentina\/wp-json\/wp\/v2\/users\/2"}],"replies":[{"embeddable":true,"href":"http:\/\/argentinamunicipal.com.ar\/argentina\/wp-json\/wp\/v2\/comments?post=143326"}],"version-history":[{"count":0,"href":"http:\/\/argentinamunicipal.com.ar\/argentina\/wp-json\/wp\/v2\/posts\/143326\/revisions"}],"wp:featuredmedia":[{"embeddable":true,"href":"http:\/\/argentinamunicipal.com.ar\/argentina\/wp-json\/wp\/v2\/media\/143327"}],"wp:attachment":[{"href":"http:\/\/argentinamunicipal.com.ar\/argentina\/wp-json\/wp\/v2\/media?parent=143326"}],"wp:term":[{"taxonomy":"category","embeddable":true,"href":"http:\/\/argentinamunicipal.com.ar\/argentina\/wp-json\/wp\/v2\/categories?post=143326"},{"taxonomy":"post_tag","embeddable":true,"href":"http:\/\/argentinamunicipal.com.ar\/argentina\/wp-json\/wp\/v2\/tags?post=143326"}],"curies":[{"name":"wp","href":"https:\/\/api.w.org\/{rel}","templated":true}]}}