{"id":143332,"date":"2024-01-15T05:05:59","date_gmt":"2024-01-15T08:05:59","guid":{"rendered":"http:\/\/argentinamunicipal.com.ar\/argentina\/?p=143332"},"modified":"2024-01-11T20:07:43","modified_gmt":"2024-01-11T23:07:43","slug":"turismo-el-numero-que-preocupa-a-los-prestadores-de-san-rafael","status":"publish","type":"post","link":"http:\/\/argentinamunicipal.com.ar\/argentina\/turismo-el-numero-que-preocupa-a-los-prestadores-de-san-rafael\/","title":{"rendered":"Turismo: el n\u00famero que preocupa a los prestadores de San Rafael"},"content":{"rendered":"<p>La primera semana de enero cerr\u00f3 con una ocupaci\u00f3n del 55% y las reservas para la segunda quincena rondan el 48%.<\/p>\n<p>Lejos del 70% de ocupaci\u00f3n que alcanz\u00f3 San Rafael los primeros d\u00edas de enero del a\u00f1o pasado, esta temporada los n\u00fameros preocupan a los prestadores de turismo que tienen muchas consultas pero pocas confirmaciones.<\/p>\n<p>Seg\u00fan la Direcci\u00f3n de Turismo de San Rafael, la ocupaci\u00f3n tur\u00edstica alcanz\u00f3 el 55% la primera semana de enero y esta semana las reservas llegaron al 60%. \u201cLas primeras proyecciones para la segunda quincena del mes de enero indican un promedio de reservas del 48,5%, manteniendo la preferencia de los turistas sobre las caba\u00f1as\u201d, indicaron desde la dependencia municipal.<\/p>\n<p>Lo m\u00e1s elegido por los turistas que llegan a San Rafael son las caba\u00f1as, que registran una ocupaci\u00f3n del 70%, mientras que luego aparecen los aparts hotel y finalmente se ubican los hoteles. Estos datos surgen del relevamiento de la Direcci\u00f3n de Turismo.<\/p>\n<p>Hace unos d\u00edas, la C\u00e1mara de Turismo de San Rafael dio a conocer las proyecciones para la primera quincena de enero y sus n\u00fameros eran a\u00fan m\u00e1s bajos. \u00a0Para la primera quincena de enero calculan que la ocupaci\u00f3n en hoteles ser\u00e1 del 39,92%, en los aparts se posicionar\u00e1 en el 45,71% y en las caba\u00f1as alcanzar\u00e1 53,19%.<\/p>\n<p>Las cifras proyectadas de la C\u00e1mara de Turismo de San Rafael bajan para la segunda quincena: hoteles 36,58%, aparts 43,71% y caba\u00f1as 42,12%.<\/p>\n<p>Por su parte, los prestadores se\u00f1alaron que abundan las consultas pero que hay pocas reservas concretas. Los m\u00e1s afectados han sido los due\u00f1os de varias caba\u00f1as o departamentos que no logran colmar la capacidad de los complejos y tienen lugares ociosos.<\/p>\n<h6>Fuente: MDZ<\/h6>\n","protected":false},"excerpt":{"rendered":"<p>La primera semana de enero cerr\u00f3 con una ocupaci\u00f3n del 55% y las reservas para la segunda quincena rondan el 48%.<\/p>\n","protected":false},"author":2,"featured_media":143333,"comment_status":"closed","ping_status":"closed","sticky":false,"template":"","format":"standard","meta":{"footnotes":""},"categories":[5],"tags":[31],"class_list":["post-143332","post","type-post","status-publish","format-standard","has-post-thumbnail","hentry","category-informe-economico","tag-mendoza"],"_links":{"self":[{"href":"http:\/\/argentinamunicipal.com.ar\/argentina\/wp-json\/wp\/v2\/posts\/143332","targetHints":{"allow":["GET"]}}],"collection":[{"href":"http:\/\/argentinamunicipal.com.ar\/argentina\/wp-json\/wp\/v2\/posts"}],"about":[{"href":"http:\/\/argentinamunicipal.com.ar\/argentina\/wp-json\/wp\/v2\/types\/post"}],"author":[{"embeddable":true,"href":"http:\/\/argentinamunicipal.com.ar\/argentina\/wp-json\/wp\/v2\/users\/2"}],"replies":[{"embeddable":true,"href":"http:\/\/argentinamunicipal.com.ar\/argentina\/wp-json\/wp\/v2\/comments?post=143332"}],"version-history":[{"count":0,"href":"http:\/\/argentinamunicipal.com.ar\/argentina\/wp-json\/wp\/v2\/posts\/143332\/revisions"}],"wp:featuredmedia":[{"embeddable":true,"href":"http:\/\/argentinamunicipal.com.ar\/argentina\/wp-json\/wp\/v2\/media\/143333"}],"wp:attachment":[{"href":"http:\/\/argentinamunicipal.com.ar\/argentina\/wp-json\/wp\/v2\/media?parent=143332"}],"wp:term":[{"taxonomy":"category","embeddable":true,"href":"http:\/\/argentinamunicipal.com.ar\/argentina\/wp-json\/wp\/v2\/categories?post=143332"},{"taxonomy":"post_tag","embeddable":true,"href":"http:\/\/argentinamunicipal.com.ar\/argentina\/wp-json\/wp\/v2\/tags?post=143332"}],"curies":[{"name":"wp","href":"https:\/\/api.w.org\/{rel}","templated":true}]}}