{"id":143440,"date":"2024-01-17T05:40:31","date_gmt":"2024-01-17T08:40:31","guid":{"rendered":"http:\/\/argentinamunicipal.com.ar\/argentina\/?p=143440"},"modified":"2024-01-16T19:55:32","modified_gmt":"2024-01-16T22:55:32","slug":"el-conicet-revelo-que-en-2-de-cada-5-hogares-de-mendoza-se-endeudan-para-pagar-el-alquiler","status":"publish","type":"post","link":"http:\/\/argentinamunicipal.com.ar\/argentina\/el-conicet-revelo-que-en-2-de-cada-5-hogares-de-mendoza-se-endeudan-para-pagar-el-alquiler\/","title":{"rendered":"El Conicet revel\u00f3 que en 2 de cada 5 hogares de Mendoza se endeudan para pagar el alquiler"},"content":{"rendered":"<p>El Instituto de Ambiente, H\u00e1bitat y Energ\u00eda realiz\u00f3 un proyecto sobre la situaci\u00f3n sociohabitacional de Mendoza. Adem\u00e1s, se conoci\u00f3 que los hogares destinan hasta el 50% de sus ingresos al alquiler<\/p>\n<p>El\u00a0Conicet,\u00a0a trav\u00e9s del\u00a0Instituto de Ambiente, H\u00e1bitat y Energ\u00eda\u00a0(INAHE), realiz\u00f3 un estudio sobre el crecimiento acelerado de hogares inquilinos a la par del decrecimiento de hogares propietarios.\u00a0En un segundo estudio se conoci\u00f3 que\u00a02 de cada 5 hogares se endeudan para poder pagar.<\/p>\n<p>El instituto dependiente del CONICET realiz\u00f3 un proyecto sobre el\u00a0fen\u00f3meno de \u00abinquilinizaci\u00f3n\u00bb. Los trabajos de campo comenzaron en el 2021, durante la pandemia, con el objetivo de obtener datos sobre la situaci\u00f3n sociohabitacional de la provincia.<\/p>\n<p>Esta primera encuesta arroj\u00f3 que el fen\u00f3meno de inquilinizaci\u00f3n es mayor en los departamentos de\u00a0Ciudad,\u00a0Godoy Cruz\u00a0y\u00a0Guaymall\u00e9n.<\/p>\n<p>Adem\u00e1s, los personas manifestaron\u00a0dificultades a la hora de alquilar,\u00a0dificultad para renovar los contratos\u00a0y\u00a0desacuerdos con el rol de las inmobiliarias\u00a0y con los\u00a0due\u00f1os directos.<\/p>\n<p>\u00abLa encuesta fue\u00a0declarada de inter\u00e9s por la Legislatura de Mendoza\u00a0y eso funciona como herramienta de lucha para poner el tema en agenda\u00bb sostuvo Virginia Miranda Gassull, coordinadora del proyecto.<\/p>\n<p><strong>Segunda encuesta del INAHE<\/strong><br \/>\nEn una segunda encuesta, que finaliz\u00f3 el 31 de octubre pasado, los datos preliminares arrojaron que hay un\u00a0crecimiento de la poblaci\u00f3n no propietaria principalmente en los departamentos de Ciudad y Godoy Cruz.\u00a0Este dato confirma el proceso de inquilinizaci\u00f3n en la provincia.<\/p>\n<p>Se observ\u00f3 que el\u00a043% de las personas encuestadas alquila hace m\u00e1s de 10 a\u00f1os. En su gran mayor\u00eda son mujeres de entre 26 a 45 a\u00f1os, jefas de hogar y con trabajo registrado.<\/p>\n<p>Solo el 37% de los hogares consultados manifest\u00f3 que el contrato cumpl\u00eda con la Ley 27.551 de Alquileres. Tambi\u00e9n se observ\u00f3 que gran parte de los alquileres se realizan mediante due\u00f1o directo y no por inmobiliaria.<\/p>\n<p>Con respecto a los valores, los alquileres significan entre uno a dos salarios m\u00ednimo, vital y m\u00f3vil. Por otra parte, de esta\u00a0\u00faltima muestra el 35% de las respuestas indic\u00f3 que las personas destinan m\u00e1s del 40% del salario al pago del alquiler.<\/p>\n<p>Lo que se sum\u00f3 en esta encuesta es que el\u00a0endeudamiento de las familias\u00a0es alt\u00edsimo, ya que siete de cada diez hogares inquilinos se endeuda por distintas razones. Entre ellas\u00a0para pagar servicios\u00a0o\u00a0pagar electrodom\u00e9sticos o tecnolog\u00edas y\u00a0dos de cada cinco se endeuda para pagar el alquiler, indic\u00f3 Florencia Ginestar, becaria doctoral e integrante del estudio.<\/p>\n<p>Se tuvo en cuenta tambi\u00e9n el malestar de las personas que alquilan, principalmente el estr\u00e9s, y las respuestas indican que la condici\u00f3n de ser inquilino afecta\u00a0la capacidad de ahorro. Esto repercute en la\u00a0posibilidad de acceso a una vivienda propia\u00a0y en las opciones de proyectar a futuro. Adem\u00e1s, m\u00e1s del 65% de los y las encuestadas indic\u00f3 sentirse discriminado o discriminada por tener hijos o hijas, mascotas, por su condici\u00f3n laboral, de g\u00e9nero, entre otras.<\/p>\n<p><strong>Alquilar en Mendoza<\/strong><br \/>\nEn sitios consultadas los alquileres en la provincia de Mendoza son diversos y escasas opciones. Adem\u00e1s, en su mayor\u00eda los precios son en d\u00f3lares.<\/p>\n<p><strong>Primer sitio<\/strong><\/p>\n<p>412 departamentos: los precios inician en los $85.000 dependiendo zona y antig\u00fcedad del inmueble y llegan a los $3.000.000<br \/>\n201 casas: el alquiler de una casa en Mendoza inicia en los $100. y llegan hasta $1.800.000<\/p>\n<p><strong>Segundo sitio<\/strong><\/p>\n<p>104 departamentos: el que tiene menor costo sale $98.000 y llegan a los $3.000.000<br \/>\n87 casas: la m\u00e1s econ\u00f3mica cuesta $85.000 y la m\u00e1s costosa llega a las 4.500 d\u00f3lares<\/p>\n<h6>Fuente: Uno<\/h6>\n","protected":false},"excerpt":{"rendered":"<p>El Instituto de Ambiente, H\u00e1bitat y Energ\u00eda realiz\u00f3 un proyecto sobre la situaci\u00f3n sociohabitacional de Mendoza. Adem\u00e1s, se conoci\u00f3 que los hogares destinan hasta el 50% de sus ingresos al alquiler<\/p>\n","protected":false},"author":2,"featured_media":143441,"comment_status":"closed","ping_status":"closed","sticky":false,"template":"","format":"standard","meta":{"footnotes":""},"categories":[2],"tags":[31],"class_list":["post-143440","post","type-post","status-publish","format-standard","has-post-thumbnail","hentry","category-informe-municipal","tag-mendoza"],"_links":{"self":[{"href":"http:\/\/argentinamunicipal.com.ar\/argentina\/wp-json\/wp\/v2\/posts\/143440","targetHints":{"allow":["GET"]}}],"collection":[{"href":"http:\/\/argentinamunicipal.com.ar\/argentina\/wp-json\/wp\/v2\/posts"}],"about":[{"href":"http:\/\/argentinamunicipal.com.ar\/argentina\/wp-json\/wp\/v2\/types\/post"}],"author":[{"embeddable":true,"href":"http:\/\/argentinamunicipal.com.ar\/argentina\/wp-json\/wp\/v2\/users\/2"}],"replies":[{"embeddable":true,"href":"http:\/\/argentinamunicipal.com.ar\/argentina\/wp-json\/wp\/v2\/comments?post=143440"}],"version-history":[{"count":0,"href":"http:\/\/argentinamunicipal.com.ar\/argentina\/wp-json\/wp\/v2\/posts\/143440\/revisions"}],"wp:featuredmedia":[{"embeddable":true,"href":"http:\/\/argentinamunicipal.com.ar\/argentina\/wp-json\/wp\/v2\/media\/143441"}],"wp:attachment":[{"href":"http:\/\/argentinamunicipal.com.ar\/argentina\/wp-json\/wp\/v2\/media?parent=143440"}],"wp:term":[{"taxonomy":"category","embeddable":true,"href":"http:\/\/argentinamunicipal.com.ar\/argentina\/wp-json\/wp\/v2\/categories?post=143440"},{"taxonomy":"post_tag","embeddable":true,"href":"http:\/\/argentinamunicipal.com.ar\/argentina\/wp-json\/wp\/v2\/tags?post=143440"}],"curies":[{"name":"wp","href":"https:\/\/api.w.org\/{rel}","templated":true}]}}