{"id":143472,"date":"2024-01-17T05:00:27","date_gmt":"2024-01-17T08:00:27","guid":{"rendered":"http:\/\/argentinamunicipal.com.ar\/argentina\/?p=143472"},"modified":"2024-01-17T06:03:00","modified_gmt":"2024-01-17T09:03:00","slug":"obra-publica-en-lujan-de-cuyo-frenan-los-proyectos-nuevos-hasta-mitad-de-ano","status":"publish","type":"post","link":"http:\/\/argentinamunicipal.com.ar\/argentina\/obra-publica-en-lujan-de-cuyo-frenan-los-proyectos-nuevos-hasta-mitad-de-ano\/","title":{"rendered":"Obra p\u00fablica: en Luj\u00e1n de Cuyo frenan los proyectos nuevos hasta mitad de a\u00f1o"},"content":{"rendered":"<p>El intendente Esteban Allasino indic\u00f3 que no van a \u00abproyectar obras que excedan este per\u00edodo para que cualquier ajuste no genere conflictos el resto del a\u00f1o\u00bb.<\/p>\n<p>Desde la Municipalidad de Luj\u00e1n de Cuyo, conducida actualmente por Esteban Allasino (La Uni\u00f3n Mendocina), indicaron que, debido a la crisis econ\u00f3mica y al panorama de incertidumbre producto de la desregulaci\u00f3n econ\u00f3mica que impulsa el presidente de la Naci\u00f3n, Javier Milei, no anunciar\u00e1n nuevos proyectos de obra p\u00fablica y ser\u00e1n m\u00e1s austeros. La fecha elegida es junio, mes en el que -aseguraron- ser\u00e1 \u00abotro escenario\u00bb. La decisi\u00f3n responde a una estrategia de \u00abprecauci\u00f3n\u00bb para que no corran peligro los pagos que debe afrontar la comuna. \u00abSi todo se ordena, tenemos un paquetes de obras de mayor ingenier\u00eda\u00bb, deslizaron.<\/p>\n<p>En di\u00e1logo con\u00a0MDZ, el intendente\u00a0Esteban Allasino\u00a0coment\u00f3 respecto a las\u00a0obras: \u00abEn ejecuci\u00f3n\u00a0tenemos un paquetes de plazas: son 25 plazas y 2 playones. Se terminan entre febrero y abril en todo el departamento. Tambi\u00e9n hay obras de pavimento. Estamos esperando la licitaci\u00f3n para la provisi\u00f3n de materiales para la segunda etapa de Guardia Vieja. Est\u00e1 previsto hacer 200 cuadras aproximadamente hasta junio.\u00a0A partir de junio es otro escenario. Del 100% del presupuesto de\u00a0este a\u00f1o, hemos decidido gastar el 30%. No queremos incurrir en inconvenientes para pagos\u00bb.<\/p>\n<p>\u00abTambi\u00e9n tenemos obras de iluminaci\u00f3n en Las Compuertas y Ugarteche en 8 barrios. Hay obras de agua y saneamiento. En agua y cloacas no se puede detener nunca la inversi\u00f3n. Si todo se ordena, tenemos un paquetes de obras de mayor ingenier\u00eda. Intentamos no proyectar obras que excedan este per\u00edodo para que cualquier ajuste no genere conflictos el resto del a\u00f1o\u00bb, coment\u00f3.<\/p>\n<p><strong>La obra p\u00fablica y el nuevo escenario en Argentina<\/strong><br \/>\nCon la llegada de Javier Milei a la Presidencia, se dio a conocer que la\u00a0obra p\u00fablica\u00a0dejar\u00e1 de ser ejecutada como\u00a0ven\u00eda ocurriendo, para as\u00ed girar hacia un sistema de iniciativa privada. En ese orden, cientos de comunas de todo el pa\u00eds todav\u00eda no tienen certidumbre acerca de qu\u00e9 intervenciones podr\u00e1n encarar en el 2024.<\/p>\n<p>De aprobarse lo planteado en la denominada \u00abley \u00f3mnibus\u00bb, el Poder Ejecutivo podr\u00e1 disponer \u201cpor razones de emergencia la renegociaci\u00f3n o en su caso rescisi\u00f3n de los contratos de cualquier tipo que generen obligaciones a cargo del Estado, celebrados con anterioridad al 10 de diciembre de 2023 por cualquier \u00f3rgano o ente descentralizado de la Administraci\u00f3n P\u00fablica Nacional\u201d.<\/p>\n<p>Allasino, que de profesi\u00f3n es ingeniero civil, apoya algunos aspectos de esta transformaci\u00f3n y opin\u00f3: \u00abCreo que hay obras que son competencia municipal, como el mantenimiento de una plaza, de competencia provincial, como la ejecuci\u00f3n de escuelas, hospitales y caminos productivos; y de competencia nacional, como el mantenimiento de rutas nacionales. Es\u00a0notorio que la\u00a0Argentina carecemos de una cultura de la concesi\u00f3n y el pago por uso. En Chile tienen esa cultura con aranceles para el mantenimiento \u00f3ptimo (&#8230;) Todav\u00eda\u00a0no hay nada escrito, pero el Estado nacional tiene que tener una mirada federal y productiva\u00bb.<\/p>\n<p>Incluso, una de las obras que se le reclama a\u00a0Luj\u00e1n de Cuyo\u00a0hace tiempo es la tercera v\u00eda del Acceso Sur entre Paso y Azcu\u00e9naga. No obstante, es la Naci\u00f3n, a trav\u00e9s de Vialidad Nacional, la encargada de este proyecto que, por ahora, no parece tener novedades al respecto.<\/p>\n<p>\u00abEntiendo que la pol\u00edtica de Milei es aplicable para algunas obras, como los corredores internacionales. Por ejemplo, la Variante Palmira para tr\u00e1nsito pesado. Tanto en el gobierno de Mauricio Macri como en de Alberto Fern\u00e1ndez ha habido una mala determinaci\u00f3n sobre cu\u00e1les son las incumbencias provinciales y nacionales. En el gobierno de Macri se financi\u00f3\u00a0la calle Ar\u00edstides Villanueva en la Ciudad. En el gobierno de Alberto Fern\u00e1ndez hab\u00eda una mirada de intendentes. Creo que en el fondo es oportuno que se discuta la incumbencia\u00bb. sum\u00f3\u00a0Allasino.<\/p>\n<p><strong>Su relaci\u00f3n con el Estado provincial y Alfredo Cornejo<\/strong><br \/>\nEsteban Allasino\u00a0tambi\u00e9n se refiri\u00f3 al rol que tendr\u00e1 los pr\u00f3ximos 4 a\u00f1os como intendente opositor del Gobierno provincial. \u00abNo he hablado con Alfredo Cornejo, aunque acordamos tener una reuni\u00f3n.\u00a0Creo en el ejercicio del di\u00e1logo\u00bb.\u00a0En diciembre, en un evento con\u00a0C\u00e1mara de la Construcci\u00f3n delegaci\u00f3n Mendoza, el gobernador\u00a0Cornejo se\u00a0envalenton\u00f3\u00a0y afirm\u00f3 que \u00abno detendr\u00e1 la obra p\u00fablica\u00bb, con el fin de \u00abdar un poco de certidumbre en un marco de enorme intranquilidad\u201d.<\/p>\n<p>Este \u00faltimo viernes ambos participaron de\u00a0la entrega del barrio Ruta 82, en\u00a0Luj\u00e1n de Cuyo, con viviendas para 36 familias que resid\u00edan a la vera de la Ruta Provincial 82, locaciones por las que pasar\u00e1 la nueva Panamericana.<\/p>\n<p>La Ruta 82 es una obra que encara el Gobierno provincial y la cual es seguida de cerca por\u00a0Luj\u00e1n\u00a0debido a los problemas de tr\u00e1nsito que solucionar\u00e1 una vez que est\u00e9 terminada. La primera etapa\u00a0de la nueva Panamericana est\u00e1 concluida y la segunda tiene un avance de 70% con\u00a0inversi\u00f3n inicial 80 millones de d\u00f3lares: 50 millones aportados por el Banco Interamericano de Desarrollo (BID) y 30 millones por el Gobierno de Mendoza.<\/p>\n<p>Se intervinieron los puentes del intercambiador de La Tijera, de Besares, del Colegio San Jorge y el viaducto del puente Pueyrred\u00f3n, que incluye rampas de entrada y salida, una rotonda por abajo y el puente de calle Guardia Vieja. Adem\u00e1s, se marc\u00f3 la traza y las colectoras, se realiz\u00f3 el cruce peatonal frente a La Guanaca, que pasa por debajo de la ruta, y se hizo a nuevo toda la l\u00ednea de servicios, desplazando su localizaci\u00f3n.<\/p>\n<p>Tambi\u00e9n cuenta con nuevas redes de agua, el\u00e9ctrica, la l\u00ednea de fibra \u00f3ptica y un gasoducto entre Guardia Vieja y Pueyrred\u00f3n. Se hicieron los desag\u00fces aluvionales del colector Tejo y la calle La Uni\u00f3n y se impermeabilizaron 1,2 kil\u00f3metros del canal aluvional principal que viene del oeste, hasta calle La Uni\u00f3n y cruza la Panamericana hacia el este. A esto se le sum\u00f3 la construcci\u00f3n de las ciclov\u00edas de hormig\u00f3n. En cuanto a la tercera etapa de la obra, desde el Gobierno provincial comunicaron que ya se realiz\u00f3 la licitaci\u00f3n, se presentaron las ofertas y est\u00e1 en el estudio.<\/p>\n<h6>Fuente: MDZ<\/h6>\n","protected":false},"excerpt":{"rendered":"<p>El intendente Esteban Allasino indic\u00f3 que no van a \u00abproyectar obras que excedan este per\u00edodo para que cualquier ajuste no genere conflictos el resto del a\u00f1o\u00bb.<\/p>\n","protected":false},"author":2,"featured_media":143473,"comment_status":"closed","ping_status":"closed","sticky":false,"template":"","format":"standard","meta":{"footnotes":""},"categories":[2],"tags":[31],"class_list":["post-143472","post","type-post","status-publish","format-standard","has-post-thumbnail","hentry","category-informe-municipal","tag-mendoza"],"_links":{"self":[{"href":"http:\/\/argentinamunicipal.com.ar\/argentina\/wp-json\/wp\/v2\/posts\/143472","targetHints":{"allow":["GET"]}}],"collection":[{"href":"http:\/\/argentinamunicipal.com.ar\/argentina\/wp-json\/wp\/v2\/posts"}],"about":[{"href":"http:\/\/argentinamunicipal.com.ar\/argentina\/wp-json\/wp\/v2\/types\/post"}],"author":[{"embeddable":true,"href":"http:\/\/argentinamunicipal.com.ar\/argentina\/wp-json\/wp\/v2\/users\/2"}],"replies":[{"embeddable":true,"href":"http:\/\/argentinamunicipal.com.ar\/argentina\/wp-json\/wp\/v2\/comments?post=143472"}],"version-history":[{"count":0,"href":"http:\/\/argentinamunicipal.com.ar\/argentina\/wp-json\/wp\/v2\/posts\/143472\/revisions"}],"wp:featuredmedia":[{"embeddable":true,"href":"http:\/\/argentinamunicipal.com.ar\/argentina\/wp-json\/wp\/v2\/media\/143473"}],"wp:attachment":[{"href":"http:\/\/argentinamunicipal.com.ar\/argentina\/wp-json\/wp\/v2\/media?parent=143472"}],"wp:term":[{"taxonomy":"category","embeddable":true,"href":"http:\/\/argentinamunicipal.com.ar\/argentina\/wp-json\/wp\/v2\/categories?post=143472"},{"taxonomy":"post_tag","embeddable":true,"href":"http:\/\/argentinamunicipal.com.ar\/argentina\/wp-json\/wp\/v2\/tags?post=143472"}],"curies":[{"name":"wp","href":"https:\/\/api.w.org\/{rel}","templated":true}]}}