{"id":1435,"date":"2014-02-18T21:28:27","date_gmt":"2014-02-19T00:28:27","guid":{"rendered":"http:\/\/argentinamunicipal.com.ar\/argentina\/?p=1435"},"modified":"2014-02-18T21:28:27","modified_gmt":"2014-02-19T00:28:27","slug":"ministra-de-gobierno-congrego-a-once-intendentes-bonaerenses","status":"publish","type":"post","link":"http:\/\/argentinamunicipal.com.ar\/argentina\/ministra-de-gobierno-congrego-a-once-intendentes-bonaerenses\/","title":{"rendered":"Ministra de Gobierno congreg\u00f3 a once intendentes bonaerenses"},"content":{"rendered":"<p><a href=\"http:\/\/argentinamunicipal.com.ar\/argentina\/wp-content\/uploads\/2014\/02\/20140217170240_001_car_int_2da_secc.jpg\"><img loading=\"lazy\" decoding=\"async\" class=\"aligncenter size-full wp-image-1438\" alt=\"20140217170240_001_car_int_2da_secc\" src=\"http:\/\/argentinamunicipal.com.ar\/argentina\/wp-content\/uploads\/2014\/02\/20140217170240_001_car_int_2da_secc.jpg\" width=\"620\" height=\"340\" srcset=\"http:\/\/argentinamunicipal.com.ar\/argentina\/wp-content\/uploads\/2014\/02\/20140217170240_001_car_int_2da_secc.jpg 620w, http:\/\/argentinamunicipal.com.ar\/argentina\/wp-content\/uploads\/2014\/02\/20140217170240_001_car_int_2da_secc-300x164.jpg 300w\" sizes=\"auto, (max-width: 620px) 100vw, 620px\" \/><\/a><\/p>\n<p>La ministra de Gobierno bonaerense destac\u00f3 hoy la importancia de \u201cfortalecer la interacci\u00f3n de los municipios con la Provincia para impulsar el desarrollo de las gestiones locales\u201d, en el marco de una reuni\u00f3n de trabajo con once intendentes de la segunda secci\u00f3n electoral.<\/p>\n<p>En el encuentro que tuvo con los jefes comunales, la ministra de Gobierno, Cristina Alvarez Rodr\u00edguez resalt\u00f3 la voluntad del gobernador Daniel Scioli \u00abde escuchar las inquietudes de cada uno de los jefes comunales para optimizar la gesti\u00f3n y dar respuestas concretas a las problem\u00e1ticas de los vecinos\u201d, acompa\u00f1ada por el Ministro de Seguridad, Alejandro Granados.<\/p>\n<p>En este sentido, el intendente de Z\u00e1rate, Osvaldo C\u00e1ffaro, detall\u00f3 que en el encuentro \u201cpudimos exponer las problem\u00e1ticas que enfrentamos en cada uno de los distritos\u201d, mientras que su par de San Nicol\u00e1s, Ismael Passaglia, destac\u00f3 la convocatoria \u201cporque toda conversaci\u00f3n siempre es positiva\u201d.<\/p>\n<p>Asimismo, el jefe comunal de Baradero, Aldo Carossi, expres\u00f3 que la reuni\u00f3n fue \u201cde mucha utilidad ya que ten\u00edamos un contacto permanente con la Ministra pero no estaba institucionalizado\u201d y remarc\u00f3 que \u201cdarle continuidad a estos encuentros nos dar\u00e1 la posibilidad de llevar respuestas y lograr beneficios a muy corto plazo\u201d.<\/p>\n<p>Estuvieron tambi\u00e9n presentes los intendentes Ricardo Casi (Col\u00f3n), Oscar Brasca (Salto), Oscar Ostoich (Capit\u00e1n Sarmiento), Adri\u00e1n S\u00e1nchez (Exaltaci\u00f3n de la Cruz), Francisco Dura\u00f1ona (San Antonio de Areco), y Pablo Guacone (San Pedro).<\/p>\n<p>Participaron adem\u00e1s los jefes comunales Marcelo Skansi (Carmen de Areco) y Marcos Pernicone (interino de Arrecifes); los subsecretarios Daniel Guastavino (Gobierno) y Francisco Cafiero (Gesti\u00f3n y Articulaci\u00f3n Institucional); y el jefe de Gabinete del ministerio de Gobierno, Omar Furlan.<\/p>\n<h6>Fuente: InfoCielo<\/h6>\n","protected":false},"excerpt":{"rendered":"<p>La ministra de Gobierno bonaerense destac\u00f3 hoy la importancia de \u201cfortalecer la interacci\u00f3n de los municipios con la Provincia para impulsar el desarrollo de las gestiones locales\u201d, en el marco de una reuni\u00f3n de trabajo con once intendentes de la segunda secci\u00f3n electoral. En el encuentro que tuvo con los jefes comunales, la ministra de<\/p>\n","protected":false},"author":2,"featured_media":1438,"comment_status":"closed","ping_status":"closed","sticky":false,"template":"","format":"standard","meta":{"footnotes":""},"categories":[4],"tags":[12],"class_list":["post-1435","post","type-post","status-publish","format-standard","has-post-thumbnail","hentry","category-informe-politico","tag-buenos-aires"],"_links":{"self":[{"href":"http:\/\/argentinamunicipal.com.ar\/argentina\/wp-json\/wp\/v2\/posts\/1435","targetHints":{"allow":["GET"]}}],"collection":[{"href":"http:\/\/argentinamunicipal.com.ar\/argentina\/wp-json\/wp\/v2\/posts"}],"about":[{"href":"http:\/\/argentinamunicipal.com.ar\/argentina\/wp-json\/wp\/v2\/types\/post"}],"author":[{"embeddable":true,"href":"http:\/\/argentinamunicipal.com.ar\/argentina\/wp-json\/wp\/v2\/users\/2"}],"replies":[{"embeddable":true,"href":"http:\/\/argentinamunicipal.com.ar\/argentina\/wp-json\/wp\/v2\/comments?post=1435"}],"version-history":[{"count":0,"href":"http:\/\/argentinamunicipal.com.ar\/argentina\/wp-json\/wp\/v2\/posts\/1435\/revisions"}],"wp:featuredmedia":[{"embeddable":true,"href":"http:\/\/argentinamunicipal.com.ar\/argentina\/wp-json\/wp\/v2\/media\/1438"}],"wp:attachment":[{"href":"http:\/\/argentinamunicipal.com.ar\/argentina\/wp-json\/wp\/v2\/media?parent=1435"}],"wp:term":[{"taxonomy":"category","embeddable":true,"href":"http:\/\/argentinamunicipal.com.ar\/argentina\/wp-json\/wp\/v2\/categories?post=1435"},{"taxonomy":"post_tag","embeddable":true,"href":"http:\/\/argentinamunicipal.com.ar\/argentina\/wp-json\/wp\/v2\/tags?post=1435"}],"curies":[{"name":"wp","href":"https:\/\/api.w.org\/{rel}","templated":true}]}}