{"id":143601,"date":"2024-01-22T06:07:58","date_gmt":"2024-01-22T09:07:58","guid":{"rendered":"http:\/\/argentinamunicipal.com.ar\/argentina\/?p=143601"},"modified":"2024-01-22T06:07:58","modified_gmt":"2024-01-22T09:07:58","slug":"preocupacion-por-despidos-masivos-de-docentes-en-escuelas-privadas-de-mendoza","status":"publish","type":"post","link":"http:\/\/argentinamunicipal.com.ar\/argentina\/preocupacion-por-despidos-masivos-de-docentes-en-escuelas-privadas-de-mendoza\/","title":{"rendered":"Preocupaci\u00f3n por despidos masivos de docentes en escuelas privadas de Mendoza"},"content":{"rendered":"<p>Mar\u00eda Luisa Nasif, titular de Sadop, asegur\u00f3 que est\u00e1n preocupados ya que lo que pasa \u00abno es com\u00fan en nuestro sindicato\u00bb.<\/p>\n<p>El Sindicato Argentino de Docentes Privados (Sadop) lanz\u00f3 hace unos d\u00edas un posteo en sus redes sociales rechazando los despidos de empleados de diferentes colegios mendocinos, tanto del Gran Mendoza como del sur provincial.<\/p>\n<p>Mar\u00eda Luisa Nasif, titular de Sadop, habl\u00f3 en MDZ Radio 105.5 FM: \u201cHemos visto con tremenda preocupaci\u00f3n algo que no es com\u00fan ver en nuestro sindicato; 49 docentes han sido despedidos de su trabajo. Ocho conseguimos que los reincorporaran\u201d.<\/p>\n<p>\u201cEsto es lo que est\u00e1 pasando en las\u00a0escuelas privadas, los empleadores nos dicen que tienen que reestructurar, ya que la situaci\u00f3n econ\u00f3mica y la proyecci\u00f3n no ayudan en poder sostener los puestos de trabajo\u201d, indic\u00f3.<\/p>\n<h6>Fuente: MDZ<\/h6>\n","protected":false},"excerpt":{"rendered":"<p>Mar\u00eda Luisa Nasif, titular de Sadop, asegur\u00f3 que est\u00e1n preocupados ya que lo que pasa \u00abno es com\u00fan en nuestro sindicato\u00bb.<\/p>\n","protected":false},"author":2,"featured_media":143602,"comment_status":"closed","ping_status":"closed","sticky":false,"template":"","format":"standard","meta":{"footnotes":""},"categories":[65],"tags":[31],"class_list":["post-143601","post","type-post","status-publish","format-standard","has-post-thumbnail","hentry","category-provincias","tag-mendoza"],"_links":{"self":[{"href":"http:\/\/argentinamunicipal.com.ar\/argentina\/wp-json\/wp\/v2\/posts\/143601","targetHints":{"allow":["GET"]}}],"collection":[{"href":"http:\/\/argentinamunicipal.com.ar\/argentina\/wp-json\/wp\/v2\/posts"}],"about":[{"href":"http:\/\/argentinamunicipal.com.ar\/argentina\/wp-json\/wp\/v2\/types\/post"}],"author":[{"embeddable":true,"href":"http:\/\/argentinamunicipal.com.ar\/argentina\/wp-json\/wp\/v2\/users\/2"}],"replies":[{"embeddable":true,"href":"http:\/\/argentinamunicipal.com.ar\/argentina\/wp-json\/wp\/v2\/comments?post=143601"}],"version-history":[{"count":0,"href":"http:\/\/argentinamunicipal.com.ar\/argentina\/wp-json\/wp\/v2\/posts\/143601\/revisions"}],"wp:featuredmedia":[{"embeddable":true,"href":"http:\/\/argentinamunicipal.com.ar\/argentina\/wp-json\/wp\/v2\/media\/143602"}],"wp:attachment":[{"href":"http:\/\/argentinamunicipal.com.ar\/argentina\/wp-json\/wp\/v2\/media?parent=143601"}],"wp:term":[{"taxonomy":"category","embeddable":true,"href":"http:\/\/argentinamunicipal.com.ar\/argentina\/wp-json\/wp\/v2\/categories?post=143601"},{"taxonomy":"post_tag","embeddable":true,"href":"http:\/\/argentinamunicipal.com.ar\/argentina\/wp-json\/wp\/v2\/tags?post=143601"}],"curies":[{"name":"wp","href":"https:\/\/api.w.org\/{rel}","templated":true}]}}