{"id":143623,"date":"2024-01-23T05:49:48","date_gmt":"2024-01-23T08:49:48","guid":{"rendered":"http:\/\/argentinamunicipal.com.ar\/argentina\/?p=143623"},"modified":"2024-01-22T19:52:06","modified_gmt":"2024-01-22T22:52:06","slug":"municipales-de-mar-del-plata-van-al-paro-el-24-y-le-piden-al-intendente-un-aumento-salarial-del-255","status":"publish","type":"post","link":"http:\/\/argentinamunicipal.com.ar\/argentina\/municipales-de-mar-del-plata-van-al-paro-el-24-y-le-piden-al-intendente-un-aumento-salarial-del-255\/","title":{"rendered":"Municipales de Mar del Plata van al paro el 24 y le piden al intendente un aumento salarial del 25,5 %"},"content":{"rendered":"<p>Paralelamente al anuncio de adhesi\u00f3n al paro nacional convocado por la Confederaci\u00f3n General del Trabajo (CGT) para el pr\u00f3ximo mi\u00e9rcoles 24 de enero, las m\u00e1ximas autoridades del Sindicato de Trabajadores Municipales (STM) ha presentado una solicitud al gobierno de Guillermo Montenegro para obtener un aumento salarial del 25,5% con el objetivo de cerrar las negociaciones paritarias correspondientes al a\u00f1o 2023. Adem\u00e1s, han planteado la necesidad de reabrir las conversaciones paritarias para el a\u00f1o 2024 a partir del pr\u00f3ximo mes de febrero.<\/p>\n<p>En una comunicaci\u00f3n dirigida al Ejecutivo y firmada por el secretario Adjunto,\u00a0Daniel Zacarias,\u00a0el gremio argumenta que \u201clos salarios de los empleados municipales se han visto afectados de manera significativa debido al alto \u00edndice inflacionario. A pesar de la aprobaci\u00f3n reciente del presupuesto para el a\u00f1o 2024 por parte del Concejo Deliberante, que incluye un aumento significativo de tasas y una actualizaci\u00f3n basada en la inflaci\u00f3n, el sindicato sostiene que dichas mejoras no se reflejan en el marco de las negociaciones paritarias\u201d\u00a0se\u00f1alaron desde la entidad sindical.<\/p>\n<p>Espec\u00edficamente,\u00a0el STM solicita un aumento salarial del 25,5%, en l\u00ednea con el \u00edndice inflacionario informado por el INDEC para el mes de diciembre, con el fin de cerrar las negociaciones paritarias del a\u00f1o 2023 y proponer la apertura de nuevas conversaciones para el a\u00f1o 2024 a partir de febrero.<\/p>\n<h6>Fuente:elretratodehoy.com.ar<\/h6>\n","protected":false},"excerpt":{"rendered":"<p>En una comunicaci\u00f3n dirigida al Ejecutivo y firmada por el secretario Adjunto,\u00a0Daniel Zacarias,\u00a0el gremio argumenta que \u201clos salarios de los empleados municipales se han visto afectados de manera significativa debido al alto \u00edndice inflacionario.<\/p>\n","protected":false},"author":2,"featured_media":143624,"comment_status":"closed","ping_status":"closed","sticky":false,"template":"","format":"standard","meta":{"footnotes":""},"categories":[7],"tags":[31],"class_list":["post-143623","post","type-post","status-publish","format-standard","has-post-thumbnail","hentry","category-informe-sindical","tag-mendoza"],"_links":{"self":[{"href":"http:\/\/argentinamunicipal.com.ar\/argentina\/wp-json\/wp\/v2\/posts\/143623","targetHints":{"allow":["GET"]}}],"collection":[{"href":"http:\/\/argentinamunicipal.com.ar\/argentina\/wp-json\/wp\/v2\/posts"}],"about":[{"href":"http:\/\/argentinamunicipal.com.ar\/argentina\/wp-json\/wp\/v2\/types\/post"}],"author":[{"embeddable":true,"href":"http:\/\/argentinamunicipal.com.ar\/argentina\/wp-json\/wp\/v2\/users\/2"}],"replies":[{"embeddable":true,"href":"http:\/\/argentinamunicipal.com.ar\/argentina\/wp-json\/wp\/v2\/comments?post=143623"}],"version-history":[{"count":0,"href":"http:\/\/argentinamunicipal.com.ar\/argentina\/wp-json\/wp\/v2\/posts\/143623\/revisions"}],"wp:featuredmedia":[{"embeddable":true,"href":"http:\/\/argentinamunicipal.com.ar\/argentina\/wp-json\/wp\/v2\/media\/143624"}],"wp:attachment":[{"href":"http:\/\/argentinamunicipal.com.ar\/argentina\/wp-json\/wp\/v2\/media?parent=143623"}],"wp:term":[{"taxonomy":"category","embeddable":true,"href":"http:\/\/argentinamunicipal.com.ar\/argentina\/wp-json\/wp\/v2\/categories?post=143623"},{"taxonomy":"post_tag","embeddable":true,"href":"http:\/\/argentinamunicipal.com.ar\/argentina\/wp-json\/wp\/v2\/tags?post=143623"}],"curies":[{"name":"wp","href":"https:\/\/api.w.org\/{rel}","templated":true}]}}