{"id":143794,"date":"2024-01-29T05:37:58","date_gmt":"2024-01-29T08:37:58","guid":{"rendered":"http:\/\/argentinamunicipal.com.ar\/argentina\/?p=143794"},"modified":"2024-01-25T19:42:31","modified_gmt":"2024-01-25T22:42:31","slug":"un-paso-en-el-sentido-correcto","status":"publish","type":"post","link":"http:\/\/argentinamunicipal.com.ar\/argentina\/un-paso-en-el-sentido-correcto\/","title":{"rendered":"Un paso en el sentido correcto"},"content":{"rendered":"<p>Fueron un paro y una movilizaci\u00f3n importantes. Porque se desafi\u00f3 a un Gobierno que lleva apenas 45 d\u00edas de gesti\u00f3n y mantiene a\u00fan una porci\u00f3n del cr\u00e9dito electoral. A favor de la medida hay que acreditarle la recuperaci\u00f3n de la calle como espacio de lucha y reivindicaci\u00f3n.<\/p>\n<p>No obstante, a los organizadores no se les escapan otras consideraciones. Siendo multitudinario y significativo, el acto no alcanz\u00f3 una masividad tal como para ser contundente. Ni los 40 mil del Gobierno ni los 600 mil de la CGT. Hay atenuantes: es verano, gente de vacaciones, hora poco propicia y, sobre todo, hubo miedo en potenciales participantes. A la represi\u00f3n, a las amenazas del Gobierno, a las represalias de los empleadores. Tambi\u00e9n opera la idea de que \u201chay que darles tiempo\u201d, que ronda en muchas cabezas. Puede haber algunas m\u00e1s.<\/p>\n<p>Sin duda el paro y la movilizaci\u00f3n fueron una gran demostraci\u00f3n de fuerza. De las organizaciones obreras, porque garantizaron la realizaci\u00f3n de la medida, pero tambi\u00e9n de una multitud sin afiliaci\u00f3n ni conducci\u00f3n que decidi\u00f3 manifestarse lisa y llanamente porque se siente agraviada por LLA en su dignidad, en sus derechos, en su calidad de vida. Es un buen equilibrio que exige considerar que quienes se reunieron frente al Congreso est\u00e1n lejos de ofrecer un cheque en blanco ni a los dirigentes sindicales, ni a quienes aparecen como referentes, ni a los legisladores. A nadie. Protestan, necesitan expresarse, cantar y gritar su bronca. Lo hicieron y todo fue en paz, a pesar de las provocaciones de la ministra de Seguridad. Es una muestra de madurez c\u00edvica y democr\u00e1tica de quienes manifestaron, que ayudar\u00e1 en el futuro a disipar los miedos que quiere generar Bullrich.<\/p>\n<p>Pero\u2026 \u201cla lucha contin\u00faa\u201d, dice un viejo eslogan de los combatientes sociales. Lo saben los organizadores de la protesta y lo sabe la gran mayor\u00eda de quienes se sumaron.<\/p>\n<p>El Gobierno minimiza discursivamente la medida\u00a0y de eso se encarga el vocero Adorni, con la ayuda de los medios amigos. Pero mientras se deja trascender que el paro puede \u201cfortalecer\u201d la posici\u00f3n oficialista, hay evidencias de que no todo est\u00e1 resultando de la manera deseable para la Rosada. Las amenazas del ministro Caputo a los gobernadores, los aprietes a los diputados para lograr la aprobaci\u00f3n del dictamen de la Ley \u00d3mnibus\u201d y la postergaci\u00f3n de la convocatoria al plenario de Diputados para la semana pr\u00f3xima son indicios de lo anterior.\u00a0Milei est\u00e1 molesto con sus operadores\u00a0pol\u00edticos porque \u201cla libertad\u201d no avanza con la rapidez que \u00e9l imagin\u00f3. O como se lo revelaron \u201clas fuerzas del cielo\u201d.<\/p>\n<p>Para completar: todo el arco pol\u00edtico est\u00e1 fragmentado, disperso, atomizado. Tambi\u00e9n en UxP hay fugas. Los alineamientos (en todos los bandos) se ordenan detr\u00e1s de intereses particulares y sectoriales, pol\u00edticos y econ\u00f3micos. Esto es un resultado l\u00f3gico de la historia pol\u00edtica reciente, agravada por el intento de la \u201crevoluci\u00f3n anarco libertaria a la carta\u201d, impulsada por Milei. Cada quien en su lugar se aferra al \u201cs\u00e1lvese quien pueda\u201d\u2026 y yo me salvo primero\u2026 como sea.<\/p>\n<p>No hay que esperar que el Gobierno modifique su rumbo por esta protesta.\u00a0Tampoco su estilo. En esto coinciden todos los protagonistas. Pero habr\u00e1 nuevos cap\u00edtulos y, dependiendo de c\u00f3mo se muevan a partir de ahora los contendientes de estas primeras lidias, se pueden acelerar los tiempos de batallas m\u00e1s decisivas.<\/p>\n<p>Por\u00a0Washington Uranga<\/p>\n<h6>Fuente: P\u00e1gina 12<\/h6>\n","protected":false},"excerpt":{"rendered":"<p>Fueron un paro y una movilizaci\u00f3n importantes. Porque se desafi\u00f3 a un Gobierno que lleva apenas 45 d\u00edas de gesti\u00f3n y mantiene a\u00fan una porci\u00f3n del cr\u00e9dito electoral.<\/p>\n","protected":false},"author":2,"featured_media":143795,"comment_status":"closed","ping_status":"closed","sticky":false,"template":"","format":"standard","meta":{"footnotes":""},"categories":[6],"tags":[21],"class_list":["post-143794","post","type-post","status-publish","format-standard","has-post-thumbnail","hentry","category-opiniones","tag-argentina"],"_links":{"self":[{"href":"http:\/\/argentinamunicipal.com.ar\/argentina\/wp-json\/wp\/v2\/posts\/143794","targetHints":{"allow":["GET"]}}],"collection":[{"href":"http:\/\/argentinamunicipal.com.ar\/argentina\/wp-json\/wp\/v2\/posts"}],"about":[{"href":"http:\/\/argentinamunicipal.com.ar\/argentina\/wp-json\/wp\/v2\/types\/post"}],"author":[{"embeddable":true,"href":"http:\/\/argentinamunicipal.com.ar\/argentina\/wp-json\/wp\/v2\/users\/2"}],"replies":[{"embeddable":true,"href":"http:\/\/argentinamunicipal.com.ar\/argentina\/wp-json\/wp\/v2\/comments?post=143794"}],"version-history":[{"count":0,"href":"http:\/\/argentinamunicipal.com.ar\/argentina\/wp-json\/wp\/v2\/posts\/143794\/revisions"}],"wp:featuredmedia":[{"embeddable":true,"href":"http:\/\/argentinamunicipal.com.ar\/argentina\/wp-json\/wp\/v2\/media\/143795"}],"wp:attachment":[{"href":"http:\/\/argentinamunicipal.com.ar\/argentina\/wp-json\/wp\/v2\/media?parent=143794"}],"wp:term":[{"taxonomy":"category","embeddable":true,"href":"http:\/\/argentinamunicipal.com.ar\/argentina\/wp-json\/wp\/v2\/categories?post=143794"},{"taxonomy":"post_tag","embeddable":true,"href":"http:\/\/argentinamunicipal.com.ar\/argentina\/wp-json\/wp\/v2\/tags?post=143794"}],"curies":[{"name":"wp","href":"https:\/\/api.w.org\/{rel}","templated":true}]}}