{"id":143843,"date":"2024-01-29T05:26:28","date_gmt":"2024-01-29T08:26:28","guid":{"rendered":"http:\/\/argentinamunicipal.com.ar\/argentina\/?p=143843"},"modified":"2024-01-26T06:29:25","modified_gmt":"2024-01-26T09:29:25","slug":"el-intendente-de-godoy-cruz-denuncio-que-este-ano-perdera-1-300-millones-de-coparticipacion","status":"publish","type":"post","link":"http:\/\/argentinamunicipal.com.ar\/argentina\/el-intendente-de-godoy-cruz-denuncio-que-este-ano-perdera-1-300-millones-de-coparticipacion\/","title":{"rendered":"El intendente de Godoy Cruz denunci\u00f3 que este a\u00f1o perder\u00e1 $1.300 millones de coparticipaci\u00f3n"},"content":{"rendered":"<p>Diego Costarelli cuestion\u00f3 que el censo del INDEC, sobre el que se basa la coparticipaci\u00f3n, est\u00e1 mal hecho. \u00abDice que en 12 a\u00f1os la poblaci\u00f3n creci\u00f3 en 3.200 personas y el padr\u00f3n electoral muestra 42.000\u00bb<\/p>\n<p>\u00abEsta plata no me alcanza para los gastos\u00bb. La frase, que podr\u00eda ser la de cualquier mendocino que compara su sueldo con lo que debe gastar, esta vez la dijo el intendente de Godoy Cruz, Diego Costarelli, cuando recibi\u00f3 la liquidaci\u00f3n de la primera quincena del a\u00f1o de coparticipaci\u00f3n. Es que detect\u00f3 que este a\u00f1o perder\u00e1 $1.300 millones porque ese dinero que env\u00eda la Naci\u00f3n se basa en el censo poblacional del INDEC \u00abque est\u00e1 mal hecho\u00bb.<br \/>\n\u00abGran parte de lo que nos llega por coparticipaci\u00f3n se basa en la poblaci\u00f3n de cada comuna. Para eso, la Naci\u00f3n toma de referencia el censo del 2022 que evidentemente est\u00e1 mal hecho. Seg\u00fan esos datos,\u00a0del 2010 al 2022 Godoy Cruz tiene 3.256 personas\u00a0m\u00e1s y entre el 2011 y 2021\u00a0el padr\u00f3n electoral nos muestra que tenemos 42.113 personas m\u00e1s, hay una diferencia abismal entre uno y otro\u00bb, se quej\u00f3 Costarelli.<\/p>\n<p>Pero esa no es la \u00fanica cifra que los hace desconfiar de los n\u00fameros del censo. Cuando se los compara con los datos de la Direcci\u00f3n de Catastro surge que hubo un\u00a0crecimiento de los padrones construidos\u00a0y transferidos para vivienda del\u00a012,49%.<\/p>\n<p>\u00abEso supone que hay 8.100 construcciones habitables m\u00e1s en ese periodo. Es imposible que haya 3.200 personas m\u00e1s si tenemos ese nivel de construcci\u00f3n de viviendas. El Censo es totalmente cuestionable y es grave, porque sobre ese dato se toman decisiones econ\u00f3micas que son determinantes\u00bb insisti\u00f3.<\/p>\n<p>El intendente encendi\u00f3 las alarmas porque comprob\u00f3 que\u00a0del Presupuesto 2024\u00a0por el que se le aprob\u00f3 una\u00a0pauta de gastos de $40.000 millones, ahora debe restar estos $1.300 que no recibir\u00e1 de la Naci\u00f3n.\u00a0A eso se le suma lo que dej\u00f3 de percibir la comuna por la reforma en Ganancias, que ahora se podr\u00eda retrotraer con el nuevo proyecto de Javier Milei, y un \u00abesperable resentimiento en la recaudaci\u00f3n por la crisis\u00bb. Todo conforma un combo dif\u00edcil de enfrentar con las reducidas arcas municipales.<\/p>\n<p>Por tanto ya le envi\u00f3 una nota al ministro de Hacienda, V\u00edctor Fayad, para que desde all\u00ed parta un pedido de informaci\u00f3n detallada del Censo al INDEC.<\/p>\n<p>\u00abEse es el primer paso porque queremos tener la informaci\u00f3n detallada, pero estamos evaluando ir a la Justicia, porque el perjuicio en coparticipaci\u00f3n que vamos a sufrir es grande y nos obligar\u00e1 a recortar obras y otras acciones que ten\u00edamos previstas\u00bb, adelant\u00f3.<\/p>\n<p><strong>\u00abLa ley de coparticipaci\u00f3n qued\u00f3 vieja y hay que renovarla\u00bb<\/strong><br \/>\nEl intendente godoycruce\u00f1o no s\u00f3lo cuestion\u00f3 la veracidad del censo poblacional del 2022, sobre el que se basa la coparticipaci\u00f3n de los impuestos nacionales, sino que fue m\u00e1s all\u00e1 y resalt\u00f3 que\u00a0la misma ley de coparticipaci\u00f3n \u00abya qued\u00f3 obsoleta porque la poblaci\u00f3n es pendular, nosotros les prestamos servicios a mucha m\u00e1s gente de la que vive en el departamento\u00bb, argument\u00f3 Costarelli.<\/p>\n<p>Para sostener esa necesidad de actualizar la ley de coparticipaci\u00f3n aport\u00f3 que\u00a0la densidad poblacional de Godoy Cruz es la m\u00e1s grande de la provincia, siendo el departamento donde m\u00e1s personas viven por kil\u00f3metro cuadrado, all\u00ed esa ecuaci\u00f3n es de\u00a02.461 habitantes por kil\u00f3metro cuadrado, y a ellos se suman los que van a Godoy Cruz en busca de alg\u00fan servicio, como por ejemplo el de educaci\u00f3n.<\/p>\n<p>\u00abEs inviable que nosotros como municipio tengamos que atender a esa cantidad de personas con menos recursos. Hay un aumento exponencial en matr\u00edculas escolares de nivel inicial, en el sector comercial y en los polos gastron\u00f3micos. No estoy pidiendo que se distribuya m\u00e1s plata, sino que se haga de forma distinta, teniendo en cuenta otro tipo de \u00edndices que hacen al funcionamiento de los municipios\u201d, concluy\u00f3.<\/p>\n<h6>Fuente: Uno<\/h6>\n","protected":false},"excerpt":{"rendered":"<p>Diego Costarelli cuestion\u00f3 que el censo del INDEC, sobre el que se basa la coparticipaci\u00f3n, est\u00e1 mal hecho. \u00abDice que en 12 a\u00f1os la poblaci\u00f3n creci\u00f3 en 3.200 personas y el padr\u00f3n electoral muestra 42.000\u00bb<\/p>\n","protected":false},"author":2,"featured_media":143844,"comment_status":"closed","ping_status":"closed","sticky":false,"template":"","format":"standard","meta":{"footnotes":""},"categories":[5],"tags":[31],"class_list":["post-143843","post","type-post","status-publish","format-standard","has-post-thumbnail","hentry","category-informe-economico","tag-mendoza"],"_links":{"self":[{"href":"http:\/\/argentinamunicipal.com.ar\/argentina\/wp-json\/wp\/v2\/posts\/143843","targetHints":{"allow":["GET"]}}],"collection":[{"href":"http:\/\/argentinamunicipal.com.ar\/argentina\/wp-json\/wp\/v2\/posts"}],"about":[{"href":"http:\/\/argentinamunicipal.com.ar\/argentina\/wp-json\/wp\/v2\/types\/post"}],"author":[{"embeddable":true,"href":"http:\/\/argentinamunicipal.com.ar\/argentina\/wp-json\/wp\/v2\/users\/2"}],"replies":[{"embeddable":true,"href":"http:\/\/argentinamunicipal.com.ar\/argentina\/wp-json\/wp\/v2\/comments?post=143843"}],"version-history":[{"count":0,"href":"http:\/\/argentinamunicipal.com.ar\/argentina\/wp-json\/wp\/v2\/posts\/143843\/revisions"}],"wp:featuredmedia":[{"embeddable":true,"href":"http:\/\/argentinamunicipal.com.ar\/argentina\/wp-json\/wp\/v2\/media\/143844"}],"wp:attachment":[{"href":"http:\/\/argentinamunicipal.com.ar\/argentina\/wp-json\/wp\/v2\/media?parent=143843"}],"wp:term":[{"taxonomy":"category","embeddable":true,"href":"http:\/\/argentinamunicipal.com.ar\/argentina\/wp-json\/wp\/v2\/categories?post=143843"},{"taxonomy":"post_tag","embeddable":true,"href":"http:\/\/argentinamunicipal.com.ar\/argentina\/wp-json\/wp\/v2\/tags?post=143843"}],"curies":[{"name":"wp","href":"https:\/\/api.w.org\/{rel}","templated":true}]}}