{"id":143907,"date":"2024-01-31T12:35:06","date_gmt":"2024-01-31T15:35:06","guid":{"rendered":"http:\/\/argentinamunicipal.com.ar\/argentina\/?p=143907"},"modified":"2024-01-31T12:36:39","modified_gmt":"2024-01-31T15:36:39","slug":"peru-una-potente-huelga-de-pobladores-paraliza-el-ingreso-al-machu-picchu","status":"publish","type":"post","link":"http:\/\/argentinamunicipal.com.ar\/argentina\/peru-una-potente-huelga-de-pobladores-paraliza-el-ingreso-al-machu-picchu\/","title":{"rendered":"Per\u00fa: una potente huelga de pobladores paraliza el ingreso al Machu Picchu"},"content":{"rendered":"<p>El sitio arqueol\u00f3gico Machu Picchu sigue paralizado por una huelga y los pobladores rechazan la mesa de di\u00e1logo que ha propuesto el Ejecutivo peruano. La huelga est\u00e1 cada vez m\u00e1s radicalizada.<\/p>\n<p>El distrito peruano de Machu Picchu se mantiene este lunes totalmente paralizado y sin la presencia de turistas, mientras sus pobladores rechazan una propuesta de di\u00e1logo planteada por el Ejecutivo para solucionar una huelga que impide el acceso al famoso sitio de la arqueolog\u00eda y del turismo de Per\u00fa.<\/p>\n<p>La paralizaci\u00f3n, que comenz\u00f3 la semana pasada en rechazo a la decisi\u00f3n del Ministerio de Cultura de vender de manera virtual todas las entradas al\u00a0sitio arqueol\u00f3gico, llev\u00f3 a que las calles del pueblo luzcan desoladas, sin\u00a0turistas\u00a0ni visitantes, seg\u00fan mostraron medios locales.<\/p>\n<p>Tras una reuni\u00f3n realizada este domingo, el autodenominado \u00abColectivo popular del distrito de Machu Picchu y comunidades\u00bb emiti\u00f3 un comunicado de rechazo a la propuesta del Ejecutivo de instalar una \u00abmesa t\u00e9cnica de di\u00e1logo\u00bb.<\/p>\n<p>Los pobladores acordaron radicalizar la huelga, que impide el acceso al sitio arqueol\u00f3gico desde el jueves pasado, y ratificaron su exigencia de que se anule la entrega de la venta de la totalidad de las entradas virtuales a una empresa privada.<\/p>\n<p>En ese sentido, exhortaron a la ministra de Cultura, Leslie Urteaga, a \u00abdeclarar la nulidad del contrato\u00bb y anunciaron que, una vez que eso suceda, \u00abinmediatamente\u00bb aceptar\u00e1n que se instale la mesa de di\u00e1logo.<\/p>\n<p>\u00abSe radicalizar\u00e1 la\u00a0huelga\u00a0indefinida en el pueblo de\u00a0Machu Picchu\u00a0y sus comunidades\u00bb, indic\u00f3 el pronunciamiento antes de responsabilizar de cualquier incidente a las agencias de turismo \u00abque env\u00eden\u00a0turistas\u00a0al distrito de\u00a0Machu Picchu\u00a0por la v\u00eda de acceso amaz\u00f3nico estando vigente el paro indefinido\u00bb.<\/p>\n<p>\u00abExhortamos a la Direcci\u00f3n Desconcentrada de Cultura que cierre la llacta (pueblo) inca de\u00a0Machu Picchu\u00a0mientras contin\u00faa la huelga indefinida, esto por medidas de seguridad\u00bb, remarcaron.<\/p>\n<p>La ministra Urteaga asegur\u00f3 este domingo que el Gobierno no cambiar\u00e1 su decisi\u00f3n de implementar un nuevo sistema de venta de boletos para ingresar a\u00a0Machu Picchu\u00a0y consider\u00f3 que la paralizaci\u00f3n \u00abes producto de unos pocos que quieren seguir sacando provecho\u00bb del patrimonio cultural \u00aba trav\u00e9s del mercado negro de los boletos\u00bb.<\/p>\n<p>\u00abHay algunas personas (que est\u00e1n detr\u00e1s de la protesta), tengo entendido que son exautoridades de\u00a0Machu Picchu, que quisi\u00e9ramos conversar con ellos, pero hay una lamentable resistencia respecto a este di\u00e1logo y no estamos aceptando de ninguna manera el chantaje\u00bb, se\u00f1al\u00f3 en declaraciones citadas por el diario El Comercio.<\/p>\n<p>La ministra dijo que, de acuerdo con un informe de la Contralor\u00eda, con el anterior sistema de venta directa de entradas no se contabilizaban hasta 80.000 boletos al a\u00f1o, lo que representaba una p\u00e9rdida anual de 7,5 millones de soles (1,9 millones de d\u00f3lares).<\/p>\n<p>El s\u00e1bado pasado, el decano del Colegio de Licenciados de\u00a0Turismo\u00a0de Cuzco, Roland Llave, declar\u00f3 a la emisora RPP que la afectaci\u00f3n que causa la paralizaci\u00f3n \u00abes de millones de soles a todas las econom\u00edas familiares de la regi\u00f3n Cuzco y el Per\u00fa, al no poder realizarse los tours\u00bb.<\/p>\n<p>Por su parte, el presidente de la C\u00e1mara de Comercio y Turismo de Ollantaytambo, Carlos Gonz\u00e1lez, anunci\u00f3 que durante los \u00faltimos d\u00edas se hab\u00eda evacuado a cientos de\u00a0turistas\u00a0que no pod\u00edan acceder al\u00a0sitio arqueol\u00f3gico, cuyo aforo fue ampliado a 4.500 visitantes diarios a partir de diciembre \u00faltimo.<\/p>\n<h6>Fuente: MDZ<\/h6>\n","protected":false},"excerpt":{"rendered":"<p>El sitio arqueol\u00f3gico Machu Picchu sigue paralizado por una huelga y los pobladores rechazan la mesa de di\u00e1logo que ha propuesto el Ejecutivo peruano. La huelga est\u00e1 cada vez m\u00e1s radicalizada.<\/p>\n","protected":false},"author":2,"featured_media":143988,"comment_status":"closed","ping_status":"closed","sticky":false,"template":"","format":"standard","meta":{"footnotes":""},"categories":[22],"tags":[57],"class_list":["post-143907","post","type-post","status-publish","format-standard","has-post-thumbnail","hentry","category-el-mundo","tag-el-mundo"],"_links":{"self":[{"href":"http:\/\/argentinamunicipal.com.ar\/argentina\/wp-json\/wp\/v2\/posts\/143907","targetHints":{"allow":["GET"]}}],"collection":[{"href":"http:\/\/argentinamunicipal.com.ar\/argentina\/wp-json\/wp\/v2\/posts"}],"about":[{"href":"http:\/\/argentinamunicipal.com.ar\/argentina\/wp-json\/wp\/v2\/types\/post"}],"author":[{"embeddable":true,"href":"http:\/\/argentinamunicipal.com.ar\/argentina\/wp-json\/wp\/v2\/users\/2"}],"replies":[{"embeddable":true,"href":"http:\/\/argentinamunicipal.com.ar\/argentina\/wp-json\/wp\/v2\/comments?post=143907"}],"version-history":[{"count":0,"href":"http:\/\/argentinamunicipal.com.ar\/argentina\/wp-json\/wp\/v2\/posts\/143907\/revisions"}],"wp:featuredmedia":[{"embeddable":true,"href":"http:\/\/argentinamunicipal.com.ar\/argentina\/wp-json\/wp\/v2\/media\/143988"}],"wp:attachment":[{"href":"http:\/\/argentinamunicipal.com.ar\/argentina\/wp-json\/wp\/v2\/media?parent=143907"}],"wp:term":[{"taxonomy":"category","embeddable":true,"href":"http:\/\/argentinamunicipal.com.ar\/argentina\/wp-json\/wp\/v2\/categories?post=143907"},{"taxonomy":"post_tag","embeddable":true,"href":"http:\/\/argentinamunicipal.com.ar\/argentina\/wp-json\/wp\/v2\/tags?post=143907"}],"curies":[{"name":"wp","href":"https:\/\/api.w.org\/{rel}","templated":true}]}}