{"id":14410,"date":"2014-08-29T11:08:38","date_gmt":"2014-08-29T14:08:38","guid":{"rendered":"http:\/\/argentinamunicipal.com.ar\/argentina\/?p=14410"},"modified":"2014-08-29T11:08:38","modified_gmt":"2014-08-29T14:08:38","slug":"bariloche-no-recibe-coparticipacion-provincial-por-deuda-de-cargas-sociales","status":"publish","type":"post","link":"http:\/\/argentinamunicipal.com.ar\/argentina\/bariloche-no-recibe-coparticipacion-provincial-por-deuda-de-cargas-sociales\/","title":{"rendered":"Bariloche no recibe coparticipaci\u00f3n provincial por deuda de cargas sociales"},"content":{"rendered":"<p><a href=\"http:\/\/argentinamunicipal.com.ar\/argentina\/wp-content\/uploads\/2014\/08\/moratoria-provincial-ingresos-brutos.jpg\"><img loading=\"lazy\" decoding=\"async\" class=\"alignleft size-full wp-image-14411\" src=\"http:\/\/argentinamunicipal.com.ar\/argentina\/wp-content\/uploads\/2014\/08\/moratoria-provincial-ingresos-brutos.jpg\" alt=\"moratoria-provincial-ingresos-brutos\" width=\"565\" height=\"374\" srcset=\"http:\/\/argentinamunicipal.com.ar\/argentina\/wp-content\/uploads\/2014\/08\/moratoria-provincial-ingresos-brutos.jpg 565w, http:\/\/argentinamunicipal.com.ar\/argentina\/wp-content\/uploads\/2014\/08\/moratoria-provincial-ingresos-brutos-300x198.jpg 300w\" sizes=\"auto, (max-width: 565px) 100vw, 565px\" \/><\/a>El gobernador Alberto Weretilneck explic\u00f3 en aire del programa \u201cHaciendo Radio\u201d de FM Tribuna que 38 municipios de la provincia recibir\u00e1n dinero de coparticipaci\u00f3n pero Bariloche no.<\/p>\n<p>Seg\u00fan lo informado por el gobernador, el d\u00eda lunes, los gobiernos de las localidades rionegrinas recibir\u00e1n los fondos que les corresponden de parte de la provincia. La ciudad de Bariloche no recibir\u00e1 dinero en esta ocasi\u00f3n.<\/p>\n<p>Weretilneck manifest\u00f3, en el aire del espacio radial, estar \u201cpreocupado por las financias municipales\u201d. Al mismo tiempo fuentes allegadas a la intendencia informaron que Martini explic\u00f3 que \u201cesto sucede habitualmente por la compensaci\u00f3n de las cargas sociales que genera el pago de aguinaldos a mitad de a\u00f1o\u201d.<\/p>\n<p>Como par\u00e1metro, el Ministro de Econom\u00eda de R\u00edo Negro, Alejandro Palmieri, precis\u00f3 a la Agencia de Noticias Bariloche que el mes pasado, el Municipio de Bariloche recibi\u00f3 aproximadamente 19 millones de pesos por concepto global de coparticipaci\u00f3n. Prescindir de ese monto en el marco de una preexistente compleja situaci\u00f3n econ\u00f3mica financiera que enfrenta el Municipio, agudiza a\u00fan m\u00e1s el panorama para los pr\u00f3ximos meses.<\/p>\n<p>El dato sobre la ausencia de transferencia de la coparticipaci\u00f3n al Municipio de Bariloche este mes, fue aportado por el Gobernador, como respuesta a las declaraciones de la Intendenta, quien critic\u00f3 duramente su viraje al massismo. \u201cEn lugar de gastar energ\u00edas en desacreditar a otro, deber\u00edan mirar bien qu\u00e9 sucede en su propio Municipio\u201d, dispar\u00f3 Weretilneck.<\/p>\n<p>Dijo que \u201cno queremos que se repita la situaci\u00f3n\u201d que atraves\u00f3 Bariloche, aunque no aclar\u00f3 si se refer\u00eda a la crisis pol\u00edtica institucional y social en diciembre de 2012, y a gobiernos como el de Atilio Feudal, cuyo descalabro financiero concluy\u00f3 con su renuncia anticipada al cargo.<\/p>\n<p>Por su parte, Palmieri detall\u00f3 que los descuentos corresponden al mes de julio, cuando se pag\u00f3 el aguinaldo, lo cual provoca un incremento de los montos a pagar por cargas sociales, contribuciones patronales, y aportes personales de empleados (obra social IPROSS, y la ART Horizonte). El ministro de Econom\u00eda indic\u00f3 adem\u00e1s que el municipio de Bariloche tiene \u00abconvenios particulares que comprometen la coparticipaci\u00f3n, como (descuentos por deudas) con el SOYEM, y algunos embargos judiciales. Los descuentos m\u00e1s grande est\u00e1n relacionados a la masa salarial\u00bb, indic\u00f3.<\/p>\n<p>\u00abLo que nunca hab\u00eda pasado, nos llam\u00f3 la atenci\u00f3n, y ya est\u00e1 al tanto la Intendenta, es que en la coparticpaci\u00f3n neta que se gira ma\u00f1ana en el caso de Bariloche no hay importe para percibir, y esos descuentos superaron lo que ten\u00eda para cobrar, por lo que qued\u00f3 casi 1,2 mill\u00f3n de pesos que ser\u00e1 descontado en el pr\u00f3ximo mes\u00bb, agreg\u00f3 Palmieri. \u00abEsos descuentos de cargas sociales, la Provincia ya los pag\u00f3, porque la Naci\u00f3n se los descuenta a la Provincia de su coparticipaci\u00f3n, y la Provincia lo descuenta a los municipios. Provincia ya sufri\u00f3 esos descuentos de cargas sociales de los 39 municipios, y corresponde trasladarlos a la patronal, en este caso el municipio\u00bb, detall\u00f3.<\/p>\n<p>El funcionario admiti\u00f3 que no mantiene di\u00e1logo con el \u00e1rea de Hacienda municipal que conduce Guillermo P\u00e9rez Gallinger, y \u00abestim\u00f3\u00bb que \u00abes una situaci\u00f3n prevista por el municipio. Como dijo el Gobernador no deja de preocupar, es el municipio m\u00e1s grande la provincia. Estimo que es una situaci\u00f3n prevista y se podr\u00e1 sobrellevar, que estar\u00e1n las previsiones hechas\u00bb por parte de la comuna<\/p>\n<h6>Fuente: El Cordillerano<\/h6>\n","protected":false},"excerpt":{"rendered":"<p>El gobernador Alberto Weretilneck explic\u00f3 en aire del programa \u201cHaciendo Radio\u201d de FM Tribuna que 38 municipios de la provincia recibir\u00e1n dinero de coparticipaci\u00f3n pero Bariloche no. Seg\u00fan lo informado por el gobernador, el d\u00eda lunes, los gobiernos de las localidades rionegrinas recibir\u00e1n los fondos que les corresponden de parte de la provincia. La ciudad<\/p>\n","protected":false},"author":2,"featured_media":14411,"comment_status":"closed","ping_status":"closed","sticky":false,"template":"","format":"standard","meta":{"footnotes":""},"categories":[5],"tags":[11],"class_list":["post-14410","post","type-post","status-publish","format-standard","has-post-thumbnail","hentry","category-informe-economico","tag-rio-negro"],"_links":{"self":[{"href":"http:\/\/argentinamunicipal.com.ar\/argentina\/wp-json\/wp\/v2\/posts\/14410","targetHints":{"allow":["GET"]}}],"collection":[{"href":"http:\/\/argentinamunicipal.com.ar\/argentina\/wp-json\/wp\/v2\/posts"}],"about":[{"href":"http:\/\/argentinamunicipal.com.ar\/argentina\/wp-json\/wp\/v2\/types\/post"}],"author":[{"embeddable":true,"href":"http:\/\/argentinamunicipal.com.ar\/argentina\/wp-json\/wp\/v2\/users\/2"}],"replies":[{"embeddable":true,"href":"http:\/\/argentinamunicipal.com.ar\/argentina\/wp-json\/wp\/v2\/comments?post=14410"}],"version-history":[{"count":0,"href":"http:\/\/argentinamunicipal.com.ar\/argentina\/wp-json\/wp\/v2\/posts\/14410\/revisions"}],"wp:featuredmedia":[{"embeddable":true,"href":"http:\/\/argentinamunicipal.com.ar\/argentina\/wp-json\/wp\/v2\/media\/14411"}],"wp:attachment":[{"href":"http:\/\/argentinamunicipal.com.ar\/argentina\/wp-json\/wp\/v2\/media?parent=14410"}],"wp:term":[{"taxonomy":"category","embeddable":true,"href":"http:\/\/argentinamunicipal.com.ar\/argentina\/wp-json\/wp\/v2\/categories?post=14410"},{"taxonomy":"post_tag","embeddable":true,"href":"http:\/\/argentinamunicipal.com.ar\/argentina\/wp-json\/wp\/v2\/tags?post=14410"}],"curies":[{"name":"wp","href":"https:\/\/api.w.org\/{rel}","templated":true}]}}