{"id":144760,"date":"2024-03-01T05:33:57","date_gmt":"2024-03-01T08:33:57","guid":{"rendered":"http:\/\/argentinamunicipal.com.ar\/argentina\/?p=144760"},"modified":"2024-02-28T06:35:37","modified_gmt":"2024-02-28T09:35:37","slug":"cordoba-como-los-peajes-pasaron-de-300-a-800-pesos-en-dos-meses","status":"publish","type":"post","link":"http:\/\/argentinamunicipal.com.ar\/argentina\/cordoba-como-los-peajes-pasaron-de-300-a-800-pesos-en-dos-meses\/","title":{"rendered":"C\u00f3rdoba: c\u00f3mo los peajes pasaron de 300 a 800 pesos en dos meses"},"content":{"rendered":"<p>El \u00faltimo aumento que autoriz\u00f3 el Ersep estaba previsto para abril. Los nuevos valores en la Red de Accesos a C\u00f3rdoba, con 33 por ciento de ajuste.<\/p>\n<p>De manera incre\u00edble, el Ente Regulador de Servicios P\u00fablicos (Ersep) dej\u00f3 sin efecto una resoluci\u00f3n propia que hab\u00eda salido hace escasas dos semanas.<\/p>\n<p>No parece ser novedad que el objetivo sea que una prestaci\u00f3n aumente de manera m\u00e1s acelerada. As\u00ed,\u00a0los incrementos en los peajes acumular\u00e1n un 166% s\u00f3lo durante el verano. S\u00ed, en dos meses pasan de trescientos a ochocientos pesos para veh\u00edculos particulares.<\/p>\n<p>\u00bfLas motos? Pagan $ 400 desde el momento en que se cambien los n\u00fameros en las estaciones.<\/p>\n<p>Ese es el nuevo valor en las cabinas de\u00a0las rutas 9 Norte, 20, 9 Sur, autopistas C\u00f3rdoba Carlos Paz y tambi\u00e9n la de Pilar, en ruta 19, ruta 36, en Bouwer, adem\u00e1s de Piedras Moras, Arroyo Tegua y las rutas provinciales 5, E-55 y E-53.<\/p>\n<p>Desde fines del a\u00f1o pasado, el Ersep tiene la facultad de otorgarle a Caminos de las Sierras un esquema de incrementos sin pasar por audiencia p\u00fablica alguna.<\/p>\n<p>A la concesionaria le bast\u00f3 con argumentar la demanda de \u201cpoder continuar con el cumplimiento de las obligaciones asumidas\u201d y \u00abla situaci\u00f3n inflacionaria y de variaci\u00f3n de costos\u00bb para que se apruebe su pedido.<\/p>\n<p>El voto fue por mayor\u00eda: a favor el Presidente, Mario Blanco, y los vocales Mariana Caserio y Jos\u00e9 Luis Scarlatto; y se manifestaron en contra Facundo Cort\u00e9s Olmedo y Mario Peralta.<\/p>\n<p>As\u00ed,\u00a0el 10 de febrero hab\u00eda dispuesto un esquema de ajuste. Pero con rapidez, este martes lo aceler\u00f3. Y de los 700 pesos que iba a costar, le agreg\u00f3 otros $ 100. Es decir, el precio que iba a tener en abril.<\/p>\n<p>Para andar en auto en caminos de la provincia, eso s\u00ed, la temporada estival tuvo otro sabor.<\/p>\n<h6>Fuente: cba24n.com.ar<\/h6>\n","protected":false},"excerpt":{"rendered":"<p>El \u00faltimo aumento que autoriz\u00f3 el Ersep estaba previsto para abril. Los nuevos valores en la Red de Accesos a C\u00f3rdoba, con 33 por ciento de ajuste.<\/p>\n","protected":false},"author":2,"featured_media":144761,"comment_status":"closed","ping_status":"closed","sticky":false,"template":"","format":"standard","meta":{"footnotes":""},"categories":[5],"tags":[3],"class_list":["post-144760","post","type-post","status-publish","format-standard","has-post-thumbnail","hentry","category-informe-economico","tag-cordoba"],"_links":{"self":[{"href":"http:\/\/argentinamunicipal.com.ar\/argentina\/wp-json\/wp\/v2\/posts\/144760","targetHints":{"allow":["GET"]}}],"collection":[{"href":"http:\/\/argentinamunicipal.com.ar\/argentina\/wp-json\/wp\/v2\/posts"}],"about":[{"href":"http:\/\/argentinamunicipal.com.ar\/argentina\/wp-json\/wp\/v2\/types\/post"}],"author":[{"embeddable":true,"href":"http:\/\/argentinamunicipal.com.ar\/argentina\/wp-json\/wp\/v2\/users\/2"}],"replies":[{"embeddable":true,"href":"http:\/\/argentinamunicipal.com.ar\/argentina\/wp-json\/wp\/v2\/comments?post=144760"}],"version-history":[{"count":0,"href":"http:\/\/argentinamunicipal.com.ar\/argentina\/wp-json\/wp\/v2\/posts\/144760\/revisions"}],"wp:featuredmedia":[{"embeddable":true,"href":"http:\/\/argentinamunicipal.com.ar\/argentina\/wp-json\/wp\/v2\/media\/144761"}],"wp:attachment":[{"href":"http:\/\/argentinamunicipal.com.ar\/argentina\/wp-json\/wp\/v2\/media?parent=144760"}],"wp:term":[{"taxonomy":"category","embeddable":true,"href":"http:\/\/argentinamunicipal.com.ar\/argentina\/wp-json\/wp\/v2\/categories?post=144760"},{"taxonomy":"post_tag","embeddable":true,"href":"http:\/\/argentinamunicipal.com.ar\/argentina\/wp-json\/wp\/v2\/tags?post=144760"}],"curies":[{"name":"wp","href":"https:\/\/api.w.org\/{rel}","templated":true}]}}