{"id":144831,"date":"2024-03-01T05:01:37","date_gmt":"2024-03-01T08:01:37","guid":{"rendered":"http:\/\/argentinamunicipal.com.ar\/argentina\/?p=144831"},"modified":"2024-02-29T18:06:35","modified_gmt":"2024-02-29T21:06:35","slug":"argentina-amplio-la-brecha-de-inflacion-en-alimentos-frente-a-otros-paises-de-america-latina","status":"publish","type":"post","link":"http:\/\/argentinamunicipal.com.ar\/argentina\/argentina-amplio-la-brecha-de-inflacion-en-alimentos-frente-a-otros-paises-de-america-latina\/","title":{"rendered":"Argentina ampli\u00f3 la brecha de inflaci\u00f3n en alimentos frente a otros pa\u00edses de Am\u00e9rica Latina"},"content":{"rendered":"<p>Tambi\u00e9n se produjo una aceleraci\u00f3n, pero con tasas mucho m\u00e1s elevadas: la inflaci\u00f3n de enero lleg\u00f3 al 20,4%, casi duplicando la que hab\u00eda sido la tasa media de todo 2023<\/p>\n<p>Siete de once pa\u00edses de Am\u00e9rica Latina experimentaron un aumento de la inflaci\u00f3n de alimentos durante enero, pero la Argentina registr\u00f3 tasas mucho m\u00e1s elevadas que en el resto.<\/p>\n<p>De acuerdo con un informe difundido este mi\u00e9rcoles por la\u00a0Fundaci\u00f3n Mediterr\u00e1nea, la regi\u00f3n pas\u00f3 de un valor mediano\u00a0del 0,4% en 2023 al 0,7% mensual.<\/p>\n<p>En la Argentina tambi\u00e9n se produjo una aceleraci\u00f3n, pero con tasas mucho m\u00e1s elevadas: la inflaci\u00f3n de enero lleg\u00f3 al 20,4%, casi duplicando la que hab\u00eda sido la tasa media de todo 2023 (11,0%).<\/p>\n<p>El trabajo monitore\u00f3 los precios finales de los alimentos en once pa\u00edses de Latinoam\u00e9rica: Argentina, Brasil, Chile, Uruguay, Colombia, Per\u00fa, M\u00e9xico, Costa Rica, Ecuador, Paraguay y Bolivia en los \u00faltimos a\u00f1os y en el primer mes de 2024.<\/p>\n<p>As\u00ed, surgi\u00f3 que entre 2019 y 2022 se observ\u00f3 una aceleraci\u00f3n de la inflaci\u00f3n en alimentos en toda Latinoam\u00e9rica: de una tasa que ven\u00eda al 0,3% mensual (valor mediano de 10 pa\u00edses) se pas\u00f3 al 0,6% mensual en 2021 y al 1,0% en 2022.<\/p>\n<p>En la Argentina no s\u00f3lo se produjo ese fen\u00f3meno, sino que adem\u00e1s se intensific\u00f3, con una inflaci\u00f3n que escal\u00f3 del 3,8% (2019) al 5,7% mensual (2022).<\/p>\n<p>En 2023, la inflaci\u00f3n en la regi\u00f3n mostr\u00f3 una franca desaceleraci\u00f3n, con una tasa que se ubic\u00f3 en torno al 0,4% mensual al cierre del a\u00f1o (valor mediano de 10 pa\u00edses); la desaceleraci\u00f3n fue un fen\u00f3meno generalizado.<\/p>\n<p>Por el contrario, en Argentina, la inflaci\u00f3n se movi\u00f3 en direcci\u00f3n opuesta, pasando del 5,7% mensual del 2022 al 11,0% mensual en 2023.<\/p>\n<p>Para la Fundaci\u00f3n Mediterr\u00e1nea, la aceleraci\u00f3n inflacionaria de alimentos (y restantes bienes y servicios de la econom\u00eda argentina) observada en los \u00faltimos meses de 2023 y comienzos de este a\u00f1o se explica por dos factores:<\/p>\n<p>La gran emisi\u00f3n monetaria realizada por el Gobierno anterior, en un a\u00f1o eleccionario para financiar gastos p\u00fablicos que no encontraban fuentes de financiamiento m\u00e1s genuinas (ingresos tributarios, colocaci\u00f3n de deuda).<br \/>\nEl proceso de ajuste de precios relativos, iniciado por el nuevo Gobierno para recomponer un sistema de precios muy distorsionado (inflaci\u00f3n reprimida), que ha incluido entre otras medidas una correcci\u00f3n importante en el tipo de cambio oficial, que es una variable determinante en la formaci\u00f3n de los precios internos.<\/p>\n<h6>Fuente: hoyd\u00eda.com.ar<\/h6>\n","protected":false},"excerpt":{"rendered":"<p>Tambi\u00e9n se produjo una aceleraci\u00f3n, pero con tasas mucho m\u00e1s elevadas: la inflaci\u00f3n de enero lleg\u00f3 al 20,4%, casi duplicando la que hab\u00eda sido la tasa media de todo 2023<\/p>\n","protected":false},"author":2,"featured_media":144832,"comment_status":"closed","ping_status":"closed","sticky":false,"template":"","format":"standard","meta":{"footnotes":""},"categories":[8],"tags":[21],"class_list":["post-144831","post","type-post","status-publish","format-standard","has-post-thumbnail","hentry","category-informe-nacional","tag-argentina"],"_links":{"self":[{"href":"http:\/\/argentinamunicipal.com.ar\/argentina\/wp-json\/wp\/v2\/posts\/144831","targetHints":{"allow":["GET"]}}],"collection":[{"href":"http:\/\/argentinamunicipal.com.ar\/argentina\/wp-json\/wp\/v2\/posts"}],"about":[{"href":"http:\/\/argentinamunicipal.com.ar\/argentina\/wp-json\/wp\/v2\/types\/post"}],"author":[{"embeddable":true,"href":"http:\/\/argentinamunicipal.com.ar\/argentina\/wp-json\/wp\/v2\/users\/2"}],"replies":[{"embeddable":true,"href":"http:\/\/argentinamunicipal.com.ar\/argentina\/wp-json\/wp\/v2\/comments?post=144831"}],"version-history":[{"count":0,"href":"http:\/\/argentinamunicipal.com.ar\/argentina\/wp-json\/wp\/v2\/posts\/144831\/revisions"}],"wp:featuredmedia":[{"embeddable":true,"href":"http:\/\/argentinamunicipal.com.ar\/argentina\/wp-json\/wp\/v2\/media\/144832"}],"wp:attachment":[{"href":"http:\/\/argentinamunicipal.com.ar\/argentina\/wp-json\/wp\/v2\/media?parent=144831"}],"wp:term":[{"taxonomy":"category","embeddable":true,"href":"http:\/\/argentinamunicipal.com.ar\/argentina\/wp-json\/wp\/v2\/categories?post=144831"},{"taxonomy":"post_tag","embeddable":true,"href":"http:\/\/argentinamunicipal.com.ar\/argentina\/wp-json\/wp\/v2\/tags?post=144831"}],"curies":[{"name":"wp","href":"https:\/\/api.w.org\/{rel}","templated":true}]}}