{"id":144986,"date":"2024-03-06T06:21:05","date_gmt":"2024-03-06T09:21:05","guid":{"rendered":"http:\/\/argentinamunicipal.com.ar\/argentina\/?p=144986"},"modified":"2024-03-06T06:21:05","modified_gmt":"2024-03-06T09:21:05","slug":"el-intendente-de-lujan-de-cuyo-presento-un-reclamo-en-la-corte-por-la-coparticipacion-municipal","status":"publish","type":"post","link":"http:\/\/argentinamunicipal.com.ar\/argentina\/el-intendente-de-lujan-de-cuyo-presento-un-reclamo-en-la-corte-por-la-coparticipacion-municipal\/","title":{"rendered":"El intendente de Luj\u00e1n de Cuyo present\u00f3 un reclamo en la Corte por la coparticipaci\u00f3n municipal"},"content":{"rendered":"<p>Esteban Allasino, intendente de Luj\u00e1n de Cuyo, hab\u00eda anticipado que se presentar\u00eda ante la Justicia por una deuda de juicios ganados por l\u00edmites territoriales<\/p>\n<p>El\u00a0intendente de Luj\u00e1n de Cuyo,\u00a0Esteban Allasino, elev\u00f3 un reclamo administrativo que si no hay respuesta este viernes se presentar\u00e1 ante la\u00a0Suprema Corte de Justicia\u00a0un pedido de resarcimiento\u00a0por una deuda de juicios ganados por l\u00edmites territoriales. Adem\u00e1s, se interpuso una medida cautelar para no innovar sobre la\u00a0Ley de Coparticipaci\u00f3n.<\/p>\n<p>En el 2010 la Comuna de Luj\u00e1n gan\u00f3 un reconocimiento de tierras contra el municipo de Maip\u00fa y\u00a0anex\u00f3 de manera formal un territorio que va entre las calles Terrada y Vyetes y entre Paso y Azcu\u00e9naga. Al anexar m\u00e1s superficie, hay m\u00e1s gente que habita el departamento, sostuvo Allasino en sus declaraciones compartidas en su cuenta de X.<\/p>\n<p>Tambi\u00e9n con sentencia de la Suprema Corte anex\u00f3 toda la zona del piedemonte en el 2017.<\/p>\n<p>En el 2018, con Omar De Marchi como intendente, en el 2021 con Sebasti\u00e1n Braganolo y en el 2023 con Allasino presentaron distintos recursos administrativos a la provincia para que no desconociese el fallo judicial y coparticipara lo que corresponde por esta superficie poblacional anexada. Adem\u00e1s, que hubiera un resarcimiento hist\u00f3rico por lo no pagado de coparticipaci\u00f3n hasta ese momento.<\/p>\n<p>Este recurso administrativo que present\u00f3 Allasino se venci\u00f3 en los t\u00e9rminos formales que dicta la ley.<\/p>\n<p>\u00abAsumimos que hay una denegaci\u00f3n t\u00e1cita de Justicia por eso le ped\u00ed a mi equipo ir a la \u00faltima instancia para no perder m\u00e1s tiempo. Se present\u00f3 en la Suprema Corte un pedido de resarcimiento y una cautelar de no innovar sobre la Ley de Coparticipaci\u00f3n, para que si se discute un nuevo coeficiente de reparto sea con criterios modernos, y no haci\u00e9ndose parches a una ley vetusta y que ha beneficiado a algunos municipios por sobre Luj\u00e1n\u00bb, sostuvo Allaniso en declaraciones que comparti\u00f3 en su cuenta de X.<\/p>\n<p><strong>El pedido de resarcimiento equivalente a $20 mil millones<\/strong><br \/>\nEl intendente de Luj\u00e1n hab\u00eda anticipado que se presentar\u00eda ante la Justicia solicitando el resarcimiento por la supuesta deuda de los juicios ganados\u00a0por l\u00edmites territoriales.\u00a0Son aquellas recordadas disputas con Las Heras en 2018, que le incorporaron no s\u00f3lo territorio, sino tambi\u00e9n poblaci\u00f3n a la comuna lujanina. Por ese aspecto est\u00e1 pidi\u00e9ndole\u00a0$20 mil millones que el Estado provincial, asegura Allasino, no les ha enviado correctamente.<\/p>\n<p>Con respecto a la medida cautelar el jefe comunal pidi\u00f3 que las cosas se hagan como est\u00e1n definidas por la norma, que es con la conformaci\u00f3n de una comisi\u00f3n bicameral. Como lo dice el art\u00edculo 8 del texto.<\/p>\n<p>El octavo art\u00edculo de la ley 6.396 dice (palabras m\u00e1s, palabras menos): \u00abCrease la comisi\u00f3n especial bicameral de coparticipaci\u00f3n municipal; la que tendr\u00e1 como objeto elaborar un proyecto de ley que establezca un sistema de coordinaci\u00f3n financiera entre la provincia y los municipios. Dicho sistema deber\u00e1 tender al logro de por lo menos los siguientes objetivos: eficiencia en los recursos, mejorar y unificar sistemas de informaci\u00f3n financiera, mayor equidad en la distribuci\u00f3n y tender al crecimiento arm\u00f3nico de la provincia\u00bb.<\/p>\n<h6>Fuente: Uno<\/h6>\n","protected":false},"excerpt":{"rendered":"<p>Esteban Allasino, intendente de Luj\u00e1n de Cuyo, hab\u00eda anticipado que se presentar\u00eda ante la Justicia por una deuda de juicios ganados por l\u00edmites territoriales<\/p>\n","protected":false},"author":2,"featured_media":144987,"comment_status":"closed","ping_status":"closed","sticky":false,"template":"","format":"standard","meta":{"footnotes":""},"categories":[4],"tags":[31],"class_list":["post-144986","post","type-post","status-publish","format-standard","has-post-thumbnail","hentry","category-informe-politico","tag-mendoza"],"_links":{"self":[{"href":"http:\/\/argentinamunicipal.com.ar\/argentina\/wp-json\/wp\/v2\/posts\/144986","targetHints":{"allow":["GET"]}}],"collection":[{"href":"http:\/\/argentinamunicipal.com.ar\/argentina\/wp-json\/wp\/v2\/posts"}],"about":[{"href":"http:\/\/argentinamunicipal.com.ar\/argentina\/wp-json\/wp\/v2\/types\/post"}],"author":[{"embeddable":true,"href":"http:\/\/argentinamunicipal.com.ar\/argentina\/wp-json\/wp\/v2\/users\/2"}],"replies":[{"embeddable":true,"href":"http:\/\/argentinamunicipal.com.ar\/argentina\/wp-json\/wp\/v2\/comments?post=144986"}],"version-history":[{"count":0,"href":"http:\/\/argentinamunicipal.com.ar\/argentina\/wp-json\/wp\/v2\/posts\/144986\/revisions"}],"wp:featuredmedia":[{"embeddable":true,"href":"http:\/\/argentinamunicipal.com.ar\/argentina\/wp-json\/wp\/v2\/media\/144987"}],"wp:attachment":[{"href":"http:\/\/argentinamunicipal.com.ar\/argentina\/wp-json\/wp\/v2\/media?parent=144986"}],"wp:term":[{"taxonomy":"category","embeddable":true,"href":"http:\/\/argentinamunicipal.com.ar\/argentina\/wp-json\/wp\/v2\/categories?post=144986"},{"taxonomy":"post_tag","embeddable":true,"href":"http:\/\/argentinamunicipal.com.ar\/argentina\/wp-json\/wp\/v2\/tags?post=144986"}],"curies":[{"name":"wp","href":"https:\/\/api.w.org\/{rel}","templated":true}]}}