{"id":145056,"date":"2024-03-11T05:15:42","date_gmt":"2024-03-11T08:15:42","guid":{"rendered":"http:\/\/argentinamunicipal.com.ar\/argentina\/?p=145056"},"modified":"2024-03-07T06:17:31","modified_gmt":"2024-03-07T09:17:31","slug":"drastica-caida-del-consumo-en-mendoza-las-zapaterias-sufrieron-un-365-de-caida-interanual","status":"publish","type":"post","link":"http:\/\/argentinamunicipal.com.ar\/argentina\/drastica-caida-del-consumo-en-mendoza-las-zapaterias-sufrieron-un-365-de-caida-interanual\/","title":{"rendered":"Dr\u00e1stica ca\u00edda del consumo en Mendoza: las zapater\u00edas sufrieron un 36,5% de ca\u00edda interanual"},"content":{"rendered":"<p>Luis Garc\u00eda, due\u00f1o de la zapater\u00eda mendocina Hormagrand, se comunic\u00f3 con MDZ Radio 105.5 FM y explic\u00f3 c\u00f3mo est\u00e1 la situaci\u00f3n en su rubro tras la notable ca\u00edda del consumo que afecta a todo el pa\u00eds.<\/p>\n<p>El consumo cay\u00f3 de manera considerable ante la crisis econ\u00f3mica y social que atraviesa la Argentina en los primeros meses del 2024. Esta ca\u00edda afecta a distintos sectores del pa\u00eds, que se ven obligados a tomar medidas dr\u00e1sticas para poder lidiar con la inflaci\u00f3n. Los alimentos y medicamentos encabezan la lista de productos que sufrieron una mayor ca\u00edda del consumo, pero no son los \u00fanicos perjudicados.<\/p>\n<p>MDZ Radio 105.5 FM\u00a0quiso conocer un poco m\u00e1s acerca de c\u00f3mo est\u00e1 el sector comercial en la\u00a0provincia de Mendoza, por lo que se contact\u00f3 con\u00a0Luis Garc\u00eda, due\u00f1o de la zapater\u00eda mendocina Hormagrand ubicada en las Galer\u00edas Piazza, para que explique c\u00f3mo est\u00e1 la situaci\u00f3n en su rubro.<\/p>\n<p>El comerciante advirti\u00f3 que \u00aba nosotros nos ha ca\u00eddo un 36,5%, hablando de febrero del 2023 contra febrero del 2024. Eso lo medimos en unidades porque en pesos es imposible, esa es la ca\u00edda interanual que hemos tenido. Tenemos una peque\u00f1a mejora con respecto a enero del 2024, hemos subido dos o tres puntitos nada m\u00e1s, pero eso no alcanza, no es suficiente para la ca\u00edda que tuvimos ahora\u00bb.<\/p>\n<p>\u00abEn este momento tengo tres empleados y va a ser un poco dif\u00edcil poder pagar los sueldos de febrero\u00a0porque el gremio tuvo un\u00a017,6% de\u00a0aumento\u00a0para este mes. El sueldo b\u00e1sico del empleado de comercio hoy est\u00e1 rondando alrededor de los $650.000,\u00a0que apenas alcanza para la canasta familiar. Nosotros somos conscientes que tampoco al empleo le alcanza, pero tambi\u00e9n se nos complica a nosotros hacer el pago de los sueldos como corresponde. En esta mini pyme, los\u00a0empleados son un compa\u00f1ero m\u00e1s de trabajo porque lo vemos todos los d\u00edas.\u00a0Sabemos lo que le cuesta\u00a0al empleado\u00a0llegar a fin de mes, estamos todos inmersos en lo mismo\u00bb, agreg\u00f3 Luis Garc\u00eda.<\/p>\n<p>Adem\u00e1s, explic\u00f3 c\u00f3mo es el funcionamiento de su peque\u00f1a empresa: \u00abNosotros vendemos zapatos para se\u00f1oras exclusivamente. Hace ya 25 a\u00f1os que estamos en el mercado, tenemos una peque\u00f1a marca bien posicionada y ahora estamos en pleno cambio de temporada. Ahora se complica mucho la reposici\u00f3n y el ingreso de la nueva mercader\u00eda porque los fabricantes de Buenos Aires no te dan plazo, incluso algunos pretenden que uno les se\u00f1\u00e9 la mercader\u00eda primero para reci\u00e9n empezar a fabricarla, as\u00ed que se complica mucho el ingreso de nueva mercader\u00eda\u00bb.<\/p>\n<p>Y concluy\u00f3, mencionando las alternativas que tom\u00f3 ante la dura situaci\u00f3n: \u00abNosotros, por el momento, estamos apostando como si fuera una temporada normal. La compra de nueva mercader\u00eda la estamos haciendo esperando recibir los nuevos modelos y esperando que la situaci\u00f3n mejore un poco. Uno trata de ser positivo y apostar siempre para adelante, pero vemos la situaci\u00f3n muy complicada\u00bb.<\/p>\n<h6>Fuente: MDZ<\/h6>\n","protected":false},"excerpt":{"rendered":"<p>Luis Garc\u00eda, due\u00f1o de la zapater\u00eda mendocina Hormagrand, se comunic\u00f3 con MDZ Radio 105.5 FM y explic\u00f3 c\u00f3mo est\u00e1 la situaci\u00f3n en su rubro tras la notable ca\u00edda del consumo que afecta a todo el pa\u00eds.<\/p>\n","protected":false},"author":2,"featured_media":145057,"comment_status":"closed","ping_status":"closed","sticky":false,"template":"","format":"standard","meta":{"footnotes":""},"categories":[5],"tags":[31],"class_list":["post-145056","post","type-post","status-publish","format-standard","has-post-thumbnail","hentry","category-informe-economico","tag-mendoza"],"_links":{"self":[{"href":"http:\/\/argentinamunicipal.com.ar\/argentina\/wp-json\/wp\/v2\/posts\/145056","targetHints":{"allow":["GET"]}}],"collection":[{"href":"http:\/\/argentinamunicipal.com.ar\/argentina\/wp-json\/wp\/v2\/posts"}],"about":[{"href":"http:\/\/argentinamunicipal.com.ar\/argentina\/wp-json\/wp\/v2\/types\/post"}],"author":[{"embeddable":true,"href":"http:\/\/argentinamunicipal.com.ar\/argentina\/wp-json\/wp\/v2\/users\/2"}],"replies":[{"embeddable":true,"href":"http:\/\/argentinamunicipal.com.ar\/argentina\/wp-json\/wp\/v2\/comments?post=145056"}],"version-history":[{"count":0,"href":"http:\/\/argentinamunicipal.com.ar\/argentina\/wp-json\/wp\/v2\/posts\/145056\/revisions"}],"wp:featuredmedia":[{"embeddable":true,"href":"http:\/\/argentinamunicipal.com.ar\/argentina\/wp-json\/wp\/v2\/media\/145057"}],"wp:attachment":[{"href":"http:\/\/argentinamunicipal.com.ar\/argentina\/wp-json\/wp\/v2\/media?parent=145056"}],"wp:term":[{"taxonomy":"category","embeddable":true,"href":"http:\/\/argentinamunicipal.com.ar\/argentina\/wp-json\/wp\/v2\/categories?post=145056"},{"taxonomy":"post_tag","embeddable":true,"href":"http:\/\/argentinamunicipal.com.ar\/argentina\/wp-json\/wp\/v2\/tags?post=145056"}],"curies":[{"name":"wp","href":"https:\/\/api.w.org\/{rel}","templated":true}]}}