{"id":145184,"date":"2024-03-13T05:05:34","date_gmt":"2024-03-13T08:05:34","guid":{"rendered":"http:\/\/argentinamunicipal.com.ar\/argentina\/?p=145184"},"modified":"2024-03-12T17:08:26","modified_gmt":"2024-03-12T20:08:26","slug":"el-director-de-pymes-de-la-construccion-indico-que-en-mendoza-se-perdieron-unos-20-000-puestos","status":"publish","type":"post","link":"http:\/\/argentinamunicipal.com.ar\/argentina\/el-director-de-pymes-de-la-construccion-indico-que-en-mendoza-se-perdieron-unos-20-000-puestos\/","title":{"rendered":"El director de pymes de la construcci\u00f3n indic\u00f3 que en Mendoza se perdieron unos 20.000 puestos"},"content":{"rendered":"<p>Entre 7.000 y 8.000 empleados en blanco ya se quedaron sin trabajo en el \u00e1rea de la construcci\u00f3n en la provincia. Pero por cada uno de ellos hay que calcular que existe uno o dos trabajadores en negro<\/p>\n<p>Un\u00a0panorama desolador\u00a0en el \u00e1rea de la\u00a0construcci\u00f3n. Esto es lo que plante\u00f3 este jueves\u00a0Gerardo Fern\u00e1ndez,\u00a0director la Confederaci\u00f3n de Pymes Constructoras de la Rep\u00fablica Argentina (CPC) y vicepresidente segundo de la\u00a0C\u00e1mara de Empresas Constructoras Independientes de Mendoza (CECIM).<\/p>\n<p>Consultado sobre\u00a0cu\u00e1ntos puestos de trabajo se perdieron\u00a0en el \u00e1rea en lo que va del\u00a02024\u00a0en Mendoza principalmente por la paralizaci\u00f3n de la obra p\u00fablica nacional, Fern\u00e1ndez explic\u00f3 que ya est\u00e1 por publicarse el dato preciso de febrero, pero que son entre\u00a07.000 y 8.000 los trabajadores de la construcci\u00f3n que fueron cesanteados.<\/p>\n<p>Sin embargo,\u00a0dijo que hay que tener en cuenta que en este rubro hay muchas personas que trabajan en negro,\u00a0haciendo alguna changa u obras en casas particulares. El c\u00e1lculo es que\u00a0por cada trabajador que se ha quedado sin trabajo en el sector formal, uno o dos lo han hecho en el sector informal. Es por eso que este referente dio el\u00a0n\u00famero estimativo de 20.000\u00a0trabajadores menos en la construcci\u00f3n.<\/p>\n<p><strong>Las repercusiones de la paralizaci\u00f3n de la construcci\u00f3n<\/strong><br \/>\nEn cuanto a los\u00a0efectos que ha causado la paralizaci\u00f3n de la obra p\u00fablica, Fern\u00e1ndez manifest\u00f3 que el derrame que produce este sector genera una ola de repercusiones, tanto en lo positivo como en lo negativo.<\/p>\n<p>Es decir que, si\u00a0cuando la obra p\u00fablica se mueve, a su vez se movilizan muchos rubros de la industria y el comercio, as\u00ed tambi\u00e9n, cuando no se mueve, todos esos sectores se paralizan.<\/p>\n<p>Para dar ejemplos claros, Fern\u00e1ndez mencion\u00f3 a los\u00a0trabajadores de los corralones, los fleteros, aquellos que operan y reparan m\u00e1quinas y hasta quienes venden combustible.\u00a0Todas esas personas se ven indirectamente afectadas por la falta de trabajo que est\u00e1 experimentando la construcci\u00f3n.<\/p>\n<p>La par\u00e1lisis del rubro se reflejaron en los \u00faltimos datos publicados por el INDEC. Seg\u00fan esta informaci\u00f3n oficial, la ca\u00edda interanual en el sector de la construcci\u00f3n es del 21,7%, de acuerdo con el Indicador sint\u00e9tico de la actividad de la construcci\u00f3n (INDAC).<\/p>\n<p><strong>Obra p\u00fablica nacional, 100% paralizada<\/strong><br \/>\nEl representante de la CPC y la CECIM manifest\u00f3 que uno de los fuertes de la construcci\u00f3n es la obra p\u00fablica, y particularmente, la obra p\u00fablica financiada con fondos nacionales.<\/p>\n<p>La obra p\u00fablica nacional est\u00e1 100% paralizada, y no me refiero solo a grandes emprendimientos, como la variante de Palmira y la doble v\u00eda a San Juan. Tambi\u00e9n a otras m\u00e1s peque\u00f1as, barrios, obras de cloacas financiadas por el ENOSA, por ejemplo, que no se est\u00e1n haciendo<\/p>\n<p>Esta informaci\u00f3n tambi\u00e9n fue manifestada por Jos\u00e9 Candeloro, presidente de la C\u00e1mara Argentina de la Construcci\u00f3n regional Mendoza, en Radio Nihuil.<\/p>\n<p><strong>Obra p\u00fablica provincial m\u00e1s lenta y menos obra privada<\/strong><br \/>\nTanto Candeloro como Fern\u00e1ndez\u00a0aseguraron que se est\u00e1 manteniendo la obra p\u00fablica financiada con fondos provinciales,\u00a0pero a un\u00a0ritmo m\u00e1s lento. De todas maneras,\u00a0destacaron que la provincia est\u00e1 al d\u00eda con los pagos y por el momento, es lo \u00fanico que se mueve.<\/p>\n<p>La recesi\u00f3n tambi\u00e9n se siente en el sector privado. Muchos de los que se encontraban haciendo un arreglo, terminaciones, ampliaciones o construyendo su casa desde cero, han tenido que paralizar las obras.<\/p>\n<p><strong>Situaci\u00f3n desesperante para las pymes de la construcci\u00f3n<\/strong><br \/>\nFern\u00e1ndez manifest\u00f3 que para su rubro,\u00a0la situaci\u00f3n es \u00abdesesperante\u00bb y que auguran un futuro mucho m\u00e1s dif\u00edcil si la econom\u00eda no vuelve a ponerse en marcha y por ende, tambi\u00e9n la construcci\u00f3n.<\/p>\n<p>\u00abYa hay pymes del sector de la construcci\u00f3n -no de Mendoza, pero s\u00ed de otras provincias que se est\u00e1n presentando en convocatoria de acreedores\u00bb, sostuvo el titular de la CPC.<\/p>\n<p>Por \u00faltimo, el referente del sector se lament\u00f3 porque\u00a0no existen interlocutores con quien tratar esta situaci\u00f3n a nivel nacional. \u00abNadie atiende el tel\u00e9fono\u00bb, subray\u00f3.<\/p>\n<h6>Fuente: uno<\/h6>\n","protected":false},"excerpt":{"rendered":"<p>Entre 7.000 y 8.000 empleados en blanco ya se quedaron sin trabajo en el \u00e1rea de la construcci\u00f3n en la provincia. Pero por cada uno de ellos hay que calcular que existe uno o dos trabajadores en negro<\/p>\n","protected":false},"author":2,"featured_media":145185,"comment_status":"closed","ping_status":"closed","sticky":false,"template":"","format":"standard","meta":{"footnotes":""},"categories":[65],"tags":[31],"class_list":["post-145184","post","type-post","status-publish","format-standard","has-post-thumbnail","hentry","category-provincias","tag-mendoza"],"_links":{"self":[{"href":"http:\/\/argentinamunicipal.com.ar\/argentina\/wp-json\/wp\/v2\/posts\/145184","targetHints":{"allow":["GET"]}}],"collection":[{"href":"http:\/\/argentinamunicipal.com.ar\/argentina\/wp-json\/wp\/v2\/posts"}],"about":[{"href":"http:\/\/argentinamunicipal.com.ar\/argentina\/wp-json\/wp\/v2\/types\/post"}],"author":[{"embeddable":true,"href":"http:\/\/argentinamunicipal.com.ar\/argentina\/wp-json\/wp\/v2\/users\/2"}],"replies":[{"embeddable":true,"href":"http:\/\/argentinamunicipal.com.ar\/argentina\/wp-json\/wp\/v2\/comments?post=145184"}],"version-history":[{"count":0,"href":"http:\/\/argentinamunicipal.com.ar\/argentina\/wp-json\/wp\/v2\/posts\/145184\/revisions"}],"wp:featuredmedia":[{"embeddable":true,"href":"http:\/\/argentinamunicipal.com.ar\/argentina\/wp-json\/wp\/v2\/media\/145185"}],"wp:attachment":[{"href":"http:\/\/argentinamunicipal.com.ar\/argentina\/wp-json\/wp\/v2\/media?parent=145184"}],"wp:term":[{"taxonomy":"category","embeddable":true,"href":"http:\/\/argentinamunicipal.com.ar\/argentina\/wp-json\/wp\/v2\/categories?post=145184"},{"taxonomy":"post_tag","embeddable":true,"href":"http:\/\/argentinamunicipal.com.ar\/argentina\/wp-json\/wp\/v2\/tags?post=145184"}],"curies":[{"name":"wp","href":"https:\/\/api.w.org\/{rel}","templated":true}]}}