{"id":14527,"date":"2014-09-03T09:00:41","date_gmt":"2014-09-03T12:00:41","guid":{"rendered":"http:\/\/argentinamunicipal.com.ar\/argentina\/?p=14527"},"modified":"2014-09-03T09:00:41","modified_gmt":"2014-09-03T12:00:41","slug":"municipios-de-entre-rios-realizan-aportes-a-la-ley-de-residuos-urbanos","status":"publish","type":"post","link":"http:\/\/argentinamunicipal.com.ar\/argentina\/municipios-de-entre-rios-realizan-aportes-a-la-ley-de-residuos-urbanos\/","title":{"rendered":"Municipios de Entre R\u00edos realizan aportes a la ley de residuos urbanos"},"content":{"rendered":"<p><a href=\"http:\/\/argentinamunicipal.com.ar\/argentina\/wp-content\/uploads\/2014\/09\/reciclado.jpg\"><img loading=\"lazy\" decoding=\"async\" class=\"alignleft size-full wp-image-14528\" src=\"http:\/\/argentinamunicipal.com.ar\/argentina\/wp-content\/uploads\/2014\/09\/reciclado.jpg\" alt=\"reciclado\" width=\"300\" height=\"300\" srcset=\"http:\/\/argentinamunicipal.com.ar\/argentina\/wp-content\/uploads\/2014\/09\/reciclado.jpg 300w, http:\/\/argentinamunicipal.com.ar\/argentina\/wp-content\/uploads\/2014\/09\/reciclado-150x150.jpg 150w, http:\/\/argentinamunicipal.com.ar\/argentina\/wp-content\/uploads\/2014\/09\/reciclado-50x50.jpg 50w\" sizes=\"auto, (max-width: 300px) 100vw, 300px\" \/><\/a>Representantes de los municipios de la costa del r\u00edo Paran\u00e1 se reunieron ayer en la capital provincial para trabajar en torno a los contenidos de la Ley de Gesti\u00f3n Integral de Residuos S\u00f3lidos Urbanos, recientemente aprobada. En la ocasi\u00f3n se realizaron aportes y sugerencias para la elaboraci\u00f3n del decreto reglamentario de la normativa.<\/p>\n<p>Las comunas valoraron la instancia de participaci\u00f3n abierta por el gobierno provincial, que les permitir\u00e1 ordenar las normativas locales y ajustar cuestiones en torno a la problem\u00e1tica de la basura.<\/p>\n<p>T\u00e9cnicos de la consultora Ceamse \u2013 Incociv, encargada de llevar adelante el Plan provincial de Gesti\u00f3n Integral de Residuos S\u00f3lidos Urbanos (Girsu), fueron quienes expusieron los detalles de la Ley N\u00b0 10.311 y los avances de su decreto reglamentario.<br \/>\n\u201cLa idea de esta reuni\u00f3n es informarles a los municipios acerca del trabajo que se est\u00e1 haciendo en torno al borrador del decreto reglamentario y recibir sus aportes y sugerencias para incluirlas en el mismo. Esta es la continuidad de un trabajo que se realiz\u00f3 tiempo atr\u00e1s con los municipios de la costa del Uruguay\u201d, explic\u00f3 el secretario de Ambiente, Fernando Raffo.<\/p>\n<p>La aprobaci\u00f3n de la Ley N\u00b0 10.311 le dio un marco normativo al trabajo que viene desarrollando desde tiempo atr\u00e1s la Secretar\u00eda de Ambiente de la provincia con los municipios, en el marco del Plan Provincial de Gesti\u00f3n de los Residuos, en el que actualmente se est\u00e1n definiendo cuestiones t\u00e9cnicas de los sitios de disposici\u00f3n final o complejos ambientales en cuatro localidades entrerrianas.<\/p>\n<p>Raffo explic\u00f3 que, a partir de los aportes de los municipios, \u201cnos pondremos a trabajar en un proyecto de decreto definitivo para poder elevarlo y que sea promulgado por el gobernador dentro de los 180 d\u00edas que establece la Ley y que vencen en noviembre pr\u00f3ximo\u201d.<\/p>\n<p>Tambi\u00e9n indic\u00f3 que, paralelamente al decreto que reglamente la Ley, hay muchas cuestiones que ser\u00e1n determinadas a trav\u00e9s de resoluciones emitidas por la Secretar\u00eda de Ambiente vinculadas, por ejemplo, a especificaciones t\u00e9cnicas respecto a las construcciones de los sitios de disposici\u00f3n final de los residuos, de las plantas de reciclado y otras tareas.<\/p>\n<p>Destac\u00f3 por \u00faltimo que \u201cel aporte de los municipios para resolver una problem\u00e1tica concreta que es la eliminaci\u00f3n de los basurales a cielo abierto y darle mejores condiciones de salud y trabajo a los recicladores\u201d.<\/p>\n<p>De la reuni\u00f3n participaron representantes de los municipios de La Paz, Bovril, Hernandarias, Hasenkamp, Santa Elena, Diamante, Chajar\u00ed, Paran\u00e1, Maci\u00e1 y Nogoy\u00e1.<\/p>\n<h6>Fuente: El Diario, Entre R\u00edos<\/h6>\n","protected":false},"excerpt":{"rendered":"<p>Representantes de los municipios de la costa del r\u00edo Paran\u00e1 se reunieron ayer en la capital provincial para trabajar en torno a los contenidos de la Ley de Gesti\u00f3n Integral de Residuos S\u00f3lidos Urbanos, recientemente aprobada. En la ocasi\u00f3n se realizaron aportes y sugerencias para la elaboraci\u00f3n del decreto reglamentario de la normativa. Las comunas<\/p>\n","protected":false},"author":2,"featured_media":14528,"comment_status":"closed","ping_status":"closed","sticky":false,"template":"","format":"standard","meta":{"footnotes":""},"categories":[2],"tags":[17],"class_list":["post-14527","post","type-post","status-publish","format-standard","has-post-thumbnail","hentry","category-informe-municipal","tag-entre-rios"],"_links":{"self":[{"href":"http:\/\/argentinamunicipal.com.ar\/argentina\/wp-json\/wp\/v2\/posts\/14527","targetHints":{"allow":["GET"]}}],"collection":[{"href":"http:\/\/argentinamunicipal.com.ar\/argentina\/wp-json\/wp\/v2\/posts"}],"about":[{"href":"http:\/\/argentinamunicipal.com.ar\/argentina\/wp-json\/wp\/v2\/types\/post"}],"author":[{"embeddable":true,"href":"http:\/\/argentinamunicipal.com.ar\/argentina\/wp-json\/wp\/v2\/users\/2"}],"replies":[{"embeddable":true,"href":"http:\/\/argentinamunicipal.com.ar\/argentina\/wp-json\/wp\/v2\/comments?post=14527"}],"version-history":[{"count":0,"href":"http:\/\/argentinamunicipal.com.ar\/argentina\/wp-json\/wp\/v2\/posts\/14527\/revisions"}],"wp:featuredmedia":[{"embeddable":true,"href":"http:\/\/argentinamunicipal.com.ar\/argentina\/wp-json\/wp\/v2\/media\/14528"}],"wp:attachment":[{"href":"http:\/\/argentinamunicipal.com.ar\/argentina\/wp-json\/wp\/v2\/media?parent=14527"}],"wp:term":[{"taxonomy":"category","embeddable":true,"href":"http:\/\/argentinamunicipal.com.ar\/argentina\/wp-json\/wp\/v2\/categories?post=14527"},{"taxonomy":"post_tag","embeddable":true,"href":"http:\/\/argentinamunicipal.com.ar\/argentina\/wp-json\/wp\/v2\/tags?post=14527"}],"curies":[{"name":"wp","href":"https:\/\/api.w.org\/{rel}","templated":true}]}}