{"id":145292,"date":"2024-03-15T05:22:28","date_gmt":"2024-03-15T08:22:28","guid":{"rendered":"http:\/\/argentinamunicipal.com.ar\/argentina\/?p=145292"},"modified":"2024-03-14T06:26:38","modified_gmt":"2024-03-14T09:26:38","slug":"mendoza-se-encoge-como-crece-la-pobreza-productiva-y-que-piensan-hacer","status":"publish","type":"post","link":"http:\/\/argentinamunicipal.com.ar\/argentina\/mendoza-se-encoge-como-crece-la-pobreza-productiva-y-que-piensan-hacer\/","title":{"rendered":"Mendoza se encoge: c\u00f3mo crece la pobreza productiva y qu\u00e9 piensan hacer"},"content":{"rendered":"<p>Todos los indicadores productivos de Mendoza son negativos desde hace d\u00e9cadas y se siente en todos los planos. Cu\u00e1l es la nueva apuesta del Gobierno que va camino a 12 a\u00f1os en el poder.<\/p>\n<p>\u201cQu\u00e9 linda que es Mendoza\u201d, repet\u00eda el CEO de una empresa petrolera con su copa de vino en la mano durante la Vendimia. \u201cQu\u00e9 l\u00e1stima que no estamos ac\u00e1\u201d, repet\u00eda. Estaba de paso, es turista; como casi todos. Justamente adem\u00e1s de ser una de las actividades econ\u00f3micas m\u00e1s importantes, el turismo tambi\u00e9n se transform\u00f3 en una met\u00e1fora de la realidad mendocina: es una provincia de paso, una postal y, tambi\u00e9n, un lugar para vivir experiencias de corto plazo. Pero Mendoza pierde; inversiones y tambi\u00e9n bienestar para los mendocinos. Mendoza es \u201ccada vez m\u00e1s chiquita\u201d, su econom\u00eda se encoge, hay menos oportunidades.<\/p>\n<p>Al tener un sector privado con herencia din\u00e1mica, uno de los indicadores que marca el nivel de protagonismo de la econom\u00eda y las oportunidades locales son las exportaciones. Mendoza perdi\u00f3 relevancia y se desinfla: pas\u00f3 de representar el 4% de las exportaciones nacionales, al 2 por ciento en 2023. Solo el a\u00f1o pasado la ca\u00edda fue del 18%. No se incluye all\u00ed una actividad que tiene un impacto similar al de las exportaciones, que es el ingreso de turistas extranjeros que traen d\u00f3lares al pa\u00eds. La retracci\u00f3n de la Provincia no es un hecho aislado, pues en gran parte tiene que ver con el cerrojo internacional, la baja demanda de su producci\u00f3n y un contexto negativo. El trasfondo es la falta de mitigaci\u00f3n y de adaptaci\u00f3n a ese escenario.<\/p>\n<p>La econom\u00eda local volvi\u00f3 a caer el a\u00f1o pasado y en 2024 las perspectivas son negativas. Nuevamente; Mendoza se encoge, se empobrece. Y ocurrir\u00e1 en un momento de mayor demanda de servicios y un cerrojo nacional sin precedentes. Javier Milei aplica una pol\u00edtica de transferencia total de responsabilidades, sin recursos y con tensi\u00f3n pol\u00edtica hacia las provincias. Hay menos riqueza, para m\u00e1s demanda.<\/p>\n<p>Como lo indica el informe anual presentado por el IERAL la semana pasada, Mendoza cay\u00f3 m\u00e1s que la Naci\u00f3n y es m\u00e1s vulnerable. Incluso desde ese instituto, de corte liberal, cuestionan la propia competitividad del sector privado mendocino, asegurando que ha perdido competitividad. \u201cEl estancamiento de las exportaciones de Mendoza responde m\u00e1s a un fen\u00f3meno estructural que coyuntural. La baja productividad laboral aparece nuevamente como un factor muy relevante como as\u00ed tambi\u00e9n la necesidad de reconvertir gran parte de los sectores transables de la provincia para que puedan competir en los mercados internacionales. En los \u00faltimos 30 a\u00f1os, Mendoza ha exportado en promedio solamente un 30% de su sector transable, mientras que Argentina ha sido el 53%. La calidad de muchos productos mendocinos que no han estado a la altura de los requerimientos de los mercados externos\u201d, advirtieron desde el IERAL.<\/p>\n<p>El empobrecimiento productivo, econ\u00f3mico y social es creciente. Los salarios cayeron en todo el pa\u00eds, pero en Mendoza un poco m\u00e1s. La calidad del empleo se deterior\u00f3, y en la Provincia tambi\u00e9n de manera m\u00e1s profunda, llegando al 80% de precariedad en algunos sectores.<\/p>\n<p><strong>La apuesta de Cornejo<\/strong><br \/>\nEl Gobierno va camino a completar un proceso de 12 a\u00f1os que, adem\u00e1s, aspira a que sea mayor. Pero incluso hay actores, como el propio\u00a0Alfredo Cornejo, que han sido testigos de ese deterioro durante m\u00e1s tiempo porque tambi\u00e9n fueron parte de otras gestiones en el Ejecutivo. Incluso de algunos momentos clave, como la bonanza econ\u00f3mica vivida entre 2003\u00a0 y 2007.<\/p>\n<p>Cornejo\u00a0traslada gran parte de la presi\u00f3n sobre la situaci\u00f3n hacia la Naci\u00f3n, pues la econom\u00eda t\u00f3xica es el principal factor de las malas condiciones. Pero el argumento se oxida, al igual que la idea de esquivar la comparaci\u00f3n con provincias vecinas como Neuqu\u00e9n y San Juan, que tienen matrices productivas \u201cmonocultivo\u201d. Esa respuesta evita poner el foco sobre la fragilidad de Mendoza y la enorme p\u00e9rdida de la autoestima productiva: la mayor\u00eda de las historias se cuentan en pasado; desde IMPSA, a las grandes constructoras; desde las proezas productivas (como el Plan Vitivin\u00edcola), hasta la antigua y ya obsoleta forma de gestionar el agua. Sin embargo, la \u201cmemoria productiva\u201d de Mendoza est\u00e1 latente. \u201cMendoza tiene una base productiva enorme. Si saben reactivarla, van a crecer\u201d, explicaba un funcionario sanjuanino en la feria minera de Canad\u00e1.<\/p>\n<p>Alfredo Cornejo\u00a0tambi\u00e9n busca centrarse en lo que es especialista: mejorar la matriz administrativa y pol\u00edtica. Lo que \u00e9l llama \u201cmejorar las condiciones\u201d en lo que le toca. Por eso para impulsar la miner\u00eda en la provincia, empez\u00f3 por tratar de emprolijar el enredo que tiene la Provincia en materia de registro, control y seguimiento de las minas que se declaran con un nuevo c\u00f3digo de procedimiento minero. La maniobra m\u00e1s \u201cnovedosa\u201d es la creaci\u00f3n de un distrito \u201cminer\u00eda friendly\u201d, para agilizar administrativamente lo que la pol\u00edtica podr\u00eda frenarle.<\/p>\n<p>En el fondo la intenci\u00f3n es promocionar la exploraci\u00f3n, una de las faces iniciarles de la miner\u00eda y que en el fondo le dan m\u00e1s sustentabilidad porque son de bajo impacto ambiental y de largo aliento en el tiempo. Si el distrito minero de Malarg\u00fce fuera un departamento, ser\u00eda el tercero m\u00e1s grande de la provincia: 20 mil kil\u00f3metros cuadrados. Claro, las propiedades mineras no tienen que ver con la posesi\u00f3n de la tierra, pero la comparaci\u00f3n sirve. Igual, la real zona de inter\u00e9s abarca algo menos de 300 km2, donde hay cerca de 220 propiedades mineras con valor potencial fuerte.\u00a0Cornejo\u00a0busca agrupar esos proyectos para que tengan Manifestaciones de Impacto Ambiental conjuntas y una sola Declaraci\u00f3n de Impacto Ambiental. Es decir que pasen una sola vez y en grupo por la Legislatura; un desaf\u00edo a la ley 5961 y al decreto 820. Para el Gobierno el principal problema de la ley 7722 no es la prohibici\u00f3n del uso de sustancias, sino la exigencia del aval pol\u00edtico a cada proceso. Adhieren al \u201cfallo Adaro\u201d; que en la sentencia por la constitucionalidad de esa norma se manifest\u00f3 en contra de la necesidad de ratificaci\u00f3n legislativa. Si\u00a0Cornejo\u00a0tuviera que modificar algo en la ley ser\u00eda eso.<\/p>\n<p>No es la primera vez que el Gobernador avanza reinterpretando normas para promover actividades. En su primera gesti\u00f3n hizo lo propio con el impulso del fracking. En la primera prueba polito para explorar Vaca Muerta,\u00a0Cornejo\u00a0autoriz\u00f3 la pr\u00e1ctica con un aviso de proyecto y, tras avanzar, se redact\u00f3 una reglamentaci\u00f3n espec\u00edfica. La maniobra fue exitosa desde lo administrativo y lo pol\u00edtico; tambi\u00e9n desde lo ambiental. Pero no desde lo empresarial: la empresa El Tr\u00e9bol consigui\u00f3 la concesi\u00f3n, pero luego la abandon\u00f3 por falta de resultados. En la industria petrolera Mendoza est\u00e1 en alerta. YPF acelera en su plan para despojarse de 14 \u00e1reas. La intenci\u00f3n es que sean traspasadas a empresas m\u00e1s chicas, en procesos complejos y con ecuaciones distintas a las del \u201cmonstruo estatal\u201d.<\/p>\n<p>El nuevo camino con la miner\u00eda es similar, pero tiene una complejidad mayor. Los tiempos de los procesos y las inversiones mineras son mucho m\u00e1s extensos que en el petr\u00f3leo. El riesgo tambi\u00e9n es mayor y Mendoza no tiene experiencia.\u00a0 Adem\u00e1s de modificar el c\u00f3digo de procedimientos,\u00a0Cornejo\u00a0ejecut\u00f3 cambios pol\u00edticos: aunque Mendoza tiene controles internos cruzados para la miner\u00eda (las declaraciones de impacto deben estar avaladas por dos organismos), se concentr\u00f3 todo en las mismas manos. Jimena Latorre tiene a su cargo Miner\u00eda y Protecci\u00f3n Ambiental, el real \u00abcontralor\u00bb de la actividad. Es decir, los promotores y los controladores en la misma oficina. De hecho el \u00e1rea fue mudada desde el Parque a Casa de Gobierno.<\/p>\n<p>En Canad\u00e1 el Gobernador logr\u00f3 buenas alianzas. Una de ellas es la firmada t\u00e1citamente con Marcelo Orrego, de San Juan, que puede ser un buen embajador. Fue \u00e9l quien, por ejemplo, invit\u00f3 a la mesa del cobre al mandatario mendocino. La intenci\u00f3n es al menos cambiar el concepto que hay sobre Mendoza en el mundo, pues la Provincia est\u00e1 fuera del radar de las grandes inversiones mineras. El ejemplo claro es que los proyectos reactivados y por reactivar tienen al Estado inyectando anab\u00f3licos. La ley 7722 fue sancionada en 2007, pero las restricciones a la miner\u00eda son precedentes y tienen actores de peso en varios planos. En 2005, por ejemplo, se ampli\u00f3 la reserva Laguna del Diamante como respuesta a los inicios de la exploraci\u00f3n minera en la cordillera, a la altura de San Carlos. En la misma \u00e9poca tambi\u00e9n se potenciaron los conflictos entre los due\u00f1os de propiedades mineras en Paramillos y los due\u00f1os de la tierra en el lugar, Danone. Por eso la intenci\u00f3n de concentrar todo en Malarg\u00fce, al menos por ahora.<\/p>\n<p>En el horizonte hay un desaf\u00edo pol\u00edtico enorme para el Gobernador y tendr\u00e1 que ver con la influencia que tenga. Milei promociona la explotaci\u00f3n de recursos naturales, incluso sin mediar controles. Es negacionista del cambio clim\u00e1tico y no tiene moderaci\u00f3n. En ese plan, el Presidente impulsa la promoci\u00f3n de grandes inversiones, una medida celebrada. Para Mendoza puede tener matices buenos y malos. Primero, por la competencia por el uso de los recursos y la superposici\u00f3n de intereses. Segundo, porque por la escala que pueda tener esa promoci\u00f3n de inversiones y si la provincia puede ser destino de ellas. Ya ocurri\u00f3 con el impulso a la actividad petrolera, donde todos los beneficios fueron a parar a Vaca Muerta y Mendoza fue testigo.<\/p>\n<h6>Fuente: MDZ<\/h6>\n","protected":false},"excerpt":{"rendered":"<p>Todos los indicadores productivos de Mendoza son negativos desde hace d\u00e9cadas y se siente en todos los planos. Cu\u00e1l es la nueva apuesta del Gobierno que va camino a 12 a\u00f1os en el poder.<\/p>\n","protected":false},"author":2,"featured_media":145293,"comment_status":"closed","ping_status":"closed","sticky":false,"template":"","format":"standard","meta":{"footnotes":""},"categories":[2],"tags":[31],"class_list":["post-145292","post","type-post","status-publish","format-standard","has-post-thumbnail","hentry","category-informe-municipal","tag-mendoza"],"_links":{"self":[{"href":"http:\/\/argentinamunicipal.com.ar\/argentina\/wp-json\/wp\/v2\/posts\/145292","targetHints":{"allow":["GET"]}}],"collection":[{"href":"http:\/\/argentinamunicipal.com.ar\/argentina\/wp-json\/wp\/v2\/posts"}],"about":[{"href":"http:\/\/argentinamunicipal.com.ar\/argentina\/wp-json\/wp\/v2\/types\/post"}],"author":[{"embeddable":true,"href":"http:\/\/argentinamunicipal.com.ar\/argentina\/wp-json\/wp\/v2\/users\/2"}],"replies":[{"embeddable":true,"href":"http:\/\/argentinamunicipal.com.ar\/argentina\/wp-json\/wp\/v2\/comments?post=145292"}],"version-history":[{"count":0,"href":"http:\/\/argentinamunicipal.com.ar\/argentina\/wp-json\/wp\/v2\/posts\/145292\/revisions"}],"wp:featuredmedia":[{"embeddable":true,"href":"http:\/\/argentinamunicipal.com.ar\/argentina\/wp-json\/wp\/v2\/media\/145293"}],"wp:attachment":[{"href":"http:\/\/argentinamunicipal.com.ar\/argentina\/wp-json\/wp\/v2\/media?parent=145292"}],"wp:term":[{"taxonomy":"category","embeddable":true,"href":"http:\/\/argentinamunicipal.com.ar\/argentina\/wp-json\/wp\/v2\/categories?post=145292"},{"taxonomy":"post_tag","embeddable":true,"href":"http:\/\/argentinamunicipal.com.ar\/argentina\/wp-json\/wp\/v2\/tags?post=145292"}],"curies":[{"name":"wp","href":"https:\/\/api.w.org\/{rel}","templated":true}]}}