{"id":145324,"date":"2024-03-15T06:13:00","date_gmt":"2024-03-15T09:13:00","guid":{"rendered":"http:\/\/argentinamunicipal.com.ar\/argentina\/?p=145324"},"modified":"2024-03-15T06:13:00","modified_gmt":"2024-03-15T09:13:00","slug":"espana-el-congreso-de-diputados-aprobo-la-amnistia-a-los-catalanes","status":"publish","type":"post","link":"http:\/\/argentinamunicipal.com.ar\/argentina\/espana-el-congreso-de-diputados-aprobo-la-amnistia-a-los-catalanes\/","title":{"rendered":"Espa\u00f1a: El Congreso de Diputados aprob\u00f3 la amnist\u00eda a los catalanes"},"content":{"rendered":"<p>El proyecto de ley favorecer\u00e1 a los implicados en el proceso secesionista de 2017. Un nuevo refer\u00e9ndum de autodeterminaci\u00f3n asoma en el horizonte.<\/p>\n<p>El Congreso espa\u00f1ol aprob\u00f3 este jueves, con 178 votos a favor y 172 en contra, la ley de amnist\u00eda pactada entre el gobernante Partido Socialista Obrero Espa\u00f1ol (PSOE) y las formaciones independentistas. El proyecto favorecer\u00e1 a los implicados en el proceso secesionista en Catalu\u00f1a de 2017 y ahora continuar\u00e1 su tramitaci\u00f3n en el Senado.<\/p>\n<p>Los \u00fanicos que se opusieron en la votaci\u00f3n de la ley fueron los conservadores del Partido Popular (PP), la ultraderecha de Vox y los partidos regionales UPN y Coalici\u00f3n Canaria.\u00a0Su aprobaci\u00f3n era una exigencia que le impusieron los partidos independentistas catalanes al presidente\u00a0Pedro S\u00e1nchez\u00a0para posibilitar su investidura.\u00a0Esta ley, que deber\u00eda beneficiar a unas 400 personas, pretende llevar a los tribunales a retirar los cargos y condenas contra activistas y dirigentes independentistas por su implicaci\u00f3n en el intento de secesi\u00f3n de Catalu\u00f1a en 2017, uno de los episodios m\u00e1s cr\u00edticos en la historia pol\u00edtica contempor\u00e1nea de Espa\u00f1a.<\/p>\n<p>El texto pasar\u00e1 ahora al Senado, controlado por el PP, cuya oposici\u00f3n a la norma har\u00e1 que trate de demorar el tr\u00e1mite hasta los dos meses m\u00e1ximos autorizados, despu\u00e9s de los cuales la ley tendr\u00e1 que regresar a la c\u00e1mara baja para su aprobaci\u00f3n definitiva, inform\u00f3 la agencia de noticias AFP. En tanto, los partidos independentistas catalanes dijeron que luego de la amnist\u00eda, ir\u00e1n por el refer\u00e9ndum de autodeterminaci\u00f3n.<\/p>\n<p><strong>Celebraciones y rechazos<\/strong><br \/>\nS\u00e1nchez celebr\u00f3 la media sanci\u00f3n de la ley. \u00abUn paso valiente y necesario hacia el reencuentro\u00bb, expres\u00f3 el mandatario en una publicaci\u00f3n en la red social X. \u00abCon la aprobaci\u00f3n de la ley de amnist\u00eda abrimos un tiempo nuevo de convivencia y prosperidad en Catalu\u00f1a\u00bb, agreg\u00f3.<\/p>\n<p>En declaraciones a la prensa desde la ciudad francesa de Estrasburgo, el expresidente de la Generalitat,\u00a0Carles Puigdemont, se\u00f1al\u00f3 que la amnist\u00eda \u00abdevuelve a la pol\u00edtica definitivamente lo que es la gesti\u00f3n de un conflicto de naturaleza pol\u00edtica\u00bb.\u00a0Y a\u00f1adi\u00f3: \u00abLa amnist\u00eda responde a un objetivo, que no es pasar p\u00e1gina ni tampoco un punto final a nada, sino superar una etapa err\u00f3nea de represi\u00f3n judicial y policial a un movimiento pol\u00edtico\u00bb.<\/p>\n<p>En su intervenci\u00f3n en el Pleno del Congreso, el l\u00edder del PP, Alberto N\u00fa\u00f1ez Feij\u00f3o, critic\u00f3 a S\u00e1nchez. \u00abEsta ley se va a aprobar porque es la \u00fanica forma que tuvo el se\u00f1or S\u00e1nchez de ser presidente del Gobierno, y porque es la \u00fanica forma que tiene de seguir un tiempo m\u00e1s de presidente del Gobierno\u00bb, indic\u00f3.<\/p>\n<p>\u00abTodo el da\u00f1o causado a nuestras instituciones, todo lo malversado, el precio que ha pagado por comprar el poder no les valdr\u00e1 de nada. Las elecciones catalanas marcar\u00e1n el inicio del final de este Gobierno. Cuando S\u00e1nchez deje de ser \u00fatil, le dejar\u00e1n caer\u00bb, advirti\u00f3 el l\u00edder conservador.\u00a0\u00abLa Ley de amnist\u00eda no pasar\u00e1 el filtro del Senado, de la Justicia ni de las instituciones que la tendr\u00e1n que evaluar. Sobre todo, no pasar\u00e1 el filtro de la calle porque la tienen perdida\u00bb, remarc\u00f3.<\/p>\n<p><strong>El recorrido del tratamiento<\/strong><br \/>\nLa ley ya hab\u00eda sido debatida en el Congreso a finales de enero, pero tuvo que volver a la Comisi\u00f3n de Justicia,\u00a0despu\u00e9s de que los siete diputados del partido independentista catal\u00e1n Junts,\u00a0dirigido por Puigdemont, votaran en contra del texto que juzgaron insuficiente.<\/p>\n<p>El temor del exmandatario regional era que aquella versi\u00f3n del proyecto de ley no lo protegiera contra eventuales causas por terrorismo o traici\u00f3n. Un mes despu\u00e9s, la m\u00e1s alta instancia judicial espa\u00f1ola anunci\u00f3 una investigaci\u00f3n contra \u00e9l por un presunto delito de terrorismo.<\/p>\n<p>La soluci\u00f3n encontrada fue eliminar de la nueva versi\u00f3n toda referencia al c\u00f3digo penal espa\u00f1ol y adoptar como \u00fanico criterio las normas europeas que dan una definici\u00f3n diferente de lo que constituye el terrorismo. De esta manera, la Comisi\u00f3n aprob\u00f3 la semana pasada el dictamen definitivo que este jueves obtuvo la mayor\u00eda absoluta en la C\u00e1mara de Diputados.<\/p>\n<p><strong>Las implicancias de la aprobaci\u00f3n<\/strong><br \/>\nLa aprobaci\u00f3n de esta ley permitir\u00e1 al Gobierno espa\u00f1ol gobernar con tranquilidad. Sin embargo,\u00a0el adelanto inesperado de elecciones regionales en Catalu\u00f1a para el 12 de mayo, anunciado el mi\u00e9rcoles, hizo que S\u00e1nchez decidiera no presentar presupuestos del Estado de 2024\u00a0(est\u00e1n prorrogados los de 2023) y trabajar ya en los de 2025.\u00a0El presidente del gobierno catal\u00e1n, Pere Aragon\u00e8s, decidi\u00f3 anticipar los comicios\u00a0despu\u00e9s de que el Parlamento de esta regi\u00f3n espa\u00f1ola rechazara su proyecto de presupuestos.<\/p>\n<p>La amnist\u00eda se aplicar\u00eda entre el 1 de noviembre de 2011 y el 13 de noviembre de 2023, y beneficiar\u00eda, entre otros, a los responsables del refer\u00e9ndum de autodeterminaci\u00f3n del 1 de octubre de 2017 y de la declaraci\u00f3n de independencia posterior, anulados por el Tribunal Constitucional espa\u00f1ol. Por esos hechos, fueron condenados a prisi\u00f3n nueve l\u00edderes independentistas catalanes en 2019, mientras que Puigdemont, art\u00edfice principal del proceso independentista, hab\u00eda huido a B\u00e9lgica para eludir la acci\u00f3n de los tribunales espa\u00f1oles.<\/p>\n<p>Una vez aprobada la amnist\u00eda definitivamente, los \u00f3rganos judiciales que conozcan de las causas ser\u00e1n los encargados de aplicar la ley \u00abcon car\u00e1cter preferente y urgente en plazo m\u00e1ximo de dos meses\u00bb, precisa el texto del proyecto de ley.\u00a0La implementaci\u00f3n abrir\u00eda la posibilidad de que Puigdemont regrese a Espa\u00f1a libre de cargos. Seg\u00fan el Gobierno, tambi\u00e9n ser\u00edan amnistiados en torno a 90 agentes de seguridad investigados por las cargas policiales con que trataban de impedir por orden judicial el refer\u00e9ndum.<\/p>\n<h6>Fuente: P\u00e1gina 12<\/h6>\n","protected":false},"excerpt":{"rendered":"<p>El proyecto de ley favorecer\u00e1 a los implicados en el proceso secesionista de 2017. Un nuevo refer\u00e9ndum de autodeterminaci\u00f3n asoma en el horizonte.\u00a0<\/p>\n","protected":false},"author":2,"featured_media":145325,"comment_status":"closed","ping_status":"closed","sticky":false,"template":"","format":"standard","meta":{"footnotes":""},"categories":[22],"tags":[57],"class_list":["post-145324","post","type-post","status-publish","format-standard","has-post-thumbnail","hentry","category-el-mundo","tag-el-mundo"],"_links":{"self":[{"href":"http:\/\/argentinamunicipal.com.ar\/argentina\/wp-json\/wp\/v2\/posts\/145324","targetHints":{"allow":["GET"]}}],"collection":[{"href":"http:\/\/argentinamunicipal.com.ar\/argentina\/wp-json\/wp\/v2\/posts"}],"about":[{"href":"http:\/\/argentinamunicipal.com.ar\/argentina\/wp-json\/wp\/v2\/types\/post"}],"author":[{"embeddable":true,"href":"http:\/\/argentinamunicipal.com.ar\/argentina\/wp-json\/wp\/v2\/users\/2"}],"replies":[{"embeddable":true,"href":"http:\/\/argentinamunicipal.com.ar\/argentina\/wp-json\/wp\/v2\/comments?post=145324"}],"version-history":[{"count":0,"href":"http:\/\/argentinamunicipal.com.ar\/argentina\/wp-json\/wp\/v2\/posts\/145324\/revisions"}],"wp:featuredmedia":[{"embeddable":true,"href":"http:\/\/argentinamunicipal.com.ar\/argentina\/wp-json\/wp\/v2\/media\/145325"}],"wp:attachment":[{"href":"http:\/\/argentinamunicipal.com.ar\/argentina\/wp-json\/wp\/v2\/media?parent=145324"}],"wp:term":[{"taxonomy":"category","embeddable":true,"href":"http:\/\/argentinamunicipal.com.ar\/argentina\/wp-json\/wp\/v2\/categories?post=145324"},{"taxonomy":"post_tag","embeddable":true,"href":"http:\/\/argentinamunicipal.com.ar\/argentina\/wp-json\/wp\/v2\/tags?post=145324"}],"curies":[{"name":"wp","href":"https:\/\/api.w.org\/{rel}","templated":true}]}}