{"id":145333,"date":"2024-03-15T06:32:11","date_gmt":"2024-03-15T09:32:11","guid":{"rendered":"http:\/\/argentinamunicipal.com.ar\/argentina\/?p=145333"},"modified":"2024-03-15T06:32:11","modified_gmt":"2024-03-15T09:32:11","slug":"industriales-de-santa-fe-advierten-una-caida-de-ventas-de-entre-20-y-60-dependiendo-del-rubro","status":"publish","type":"post","link":"http:\/\/argentinamunicipal.com.ar\/argentina\/industriales-de-santa-fe-advierten-una-caida-de-ventas-de-entre-20-y-60-dependiendo-del-rubro\/","title":{"rendered":"Industriales de Santa Fe advierten una ca\u00edda de ventas de entre 20% y 60%, dependiendo del rubro"},"content":{"rendered":"<p>El contexto econ\u00f3mico ya provoc\u00f3 la suspensi\u00f3n de horas extras, adelantos de vacaciones y suspensiones puntuales en f\u00e1bricas industriales grandes<\/p>\n<p>Frente a la suba de tarifas y la inminente apertura de importaciones,\u00a0industriales de Santa Fe expresaron su preocupaci\u00f3n y pidieron al gobierno nacional medidas que \u201cal menos no perjudiquen\u201d a su sector. Adem\u00e1s, dieron a conocer que\u00a0sufren una \u201cimportante\u201d ca\u00edda de ventas.<\/p>\n<p>El presidente de la Uni\u00f3n Industrial de Santa Fe, Alejandro Taborda, habl\u00f3 en Ah\u00ed Vamos de UNO 106.3 y detall\u00f3 que sufrieron una ca\u00edda de ventas de entre 20% y 60%, dependiendo del rubro.<\/p>\n<p>Respecto al\u00a0aumento de las tarifas, indic\u00f3 que se trata de una medida previsible: \u201cDentro de la plataforma de Javier Milei estaba la quita de subsidio de todas las tarifas, era esperable\u201d. En detalle, inform\u00f3 que los aumentos, seg\u00fan los primeros c\u00e1lculos de la entidad que dirige,\u00a0ser\u00edan en torno al 100%, \u201cde la parte que le compete a la EPE\u201d y m\u00e1s del 300% por el \u201clado nacional\u201d.<\/p>\n<p>Actualmente, los costos de la industria se dispararon, se\u00f1al\u00f3; desde combustibles, tarifas, fletes, log\u00edstica y salarios. Sobre este \u00faltimo punto, destac\u00f3 la \u201ccantidad de conflictos salariales que hay\u201d: \u201cEstamos en un contexto donde a la gente no le alcanza para sobrevivir y para las empresas, con una ca\u00edda semejante de actividad, es muy dif\u00edcil afrontar, no solamente lo que se lleva el empleado de bolsillo, sino los tremendos aportes que hacemos por los empleados registrados\u201d.<\/p>\n<p>Si bien resalt\u00f3 que parte de los aumentos fueron un \u201csinceramiento del descalabro del gobierno anterior\u201d, se lament\u00f3: \u201cEste gobierno tom\u00f3 unas medidas muy cruentas, sobre todo para los asalariados, las pymes, los jubilados. Y evidentemente hay otros sectores donde tendr\u00eda que tambi\u00e9n exigir m\u00e1s esfuerzo para que no caiga siempre del mismo lado de la poblaci\u00f3n\u201d.<\/p>\n<p>El referente destac\u00f3 el stock con el que cuenta la industria, por encima de otros rubros: \u201cTiene un poco m\u00e1s de colch\u00f3n que otras actividades, que realmente se les va a complicar en este contexto econ\u00f3mico seguir trabajando normalmente\u201d.<\/p>\n<p>Hasta el momento,\u00a0el contexto econ\u00f3mico provoc\u00f3 la suspensi\u00f3n de horas extras, algunos adelantos de vacaciones y suspensiones puntuales en f\u00e1bricas grandes. Rubros como la construcci\u00f3n y las f\u00e1bricas de electrodom\u00e9sticos fueron de las m\u00e1s afectadas, se\u00f1al\u00f3 Taborda: \u201cEn electrodom\u00e9sticos la ca\u00edda de venta es mayor al 50%, con el riesgo de complicaciones ciertas en corto tiempo\u201d. Seg\u00fan el Indec, la capacidad instalada de la industria fue el 54,6% en enero, la m\u00e1s baja desde la pandemia.<\/p>\n<p><strong>Afectados por las medidas de Naci\u00f3n<\/strong><br \/>\n\u201cHoy por hoy lamentablemente\u00a0no hay medida tomada por el Gobierno Nacional en este nuevo paquete econ\u00f3mico que no vaya en contra de la performance del industrial\u201d, critic\u00f3 Taborda, de cara a las medidas del gobierno nacional.<\/p>\n<p>Y enumer\u00f3: \u201cSe han incrementado absolutamente todos los costos, en la devaluaci\u00f3n de diciembre, ya a ra\u00edz de la inflaci\u00f3n de diciembre, en febrero, se comi\u00f3 toda la competitividad que podr\u00edamos llegar a tener. Hoy somos un pa\u00eds caro en d\u00f3lares, parad\u00f3jicamente. La industria argentina est\u00e1 gravada por impuesto a las ganancias, impuesto a los bienes personales, impuesto a los municipales, provinciales, todos los aportes que hacemos. A nivel laboral, el recargo por todos lados, impuesto de todos lados\u201d.<\/p>\n<p>Sobre la\u00a0liberaci\u00f3n de importaciones de alimentos, expres\u00f3: \u201cParad\u00f3jicamente se lo amenaza porque no es competitivo con darles facilidades a los importadores de traer productos sin pagar impuesto a pa\u00eds, pudiendo pagar r\u00e1pidamente las importaciones, cosas que nosotros no podemos hacer. Evidentemente,\u00a0por lo menos hay un trato desigual\u201d.<\/p>\n<p>Y sigui\u00f3: \u201cEsto ya se ha probado, con una experiencia terror\u00edfica de industria cerrada, p\u00e9rdida de empleo industrial a mansalva, que despu\u00e9s es muy dif\u00edcil recuperar\u201d.<\/p>\n<p>Taborda pidi\u00f3 que\u00a0el plan econ\u00f3mico de Naci\u00f3n \u201cincluya la producci\u00f3n\u201d\u00a0y analiz\u00f3: \u201cSino, te mord\u00e9s la cola. La producci\u00f3n es la que aporta. Si hac\u00e9s un ajuste tan fenomenal que lo que se te cae de recaudaci\u00f3n te supere el ajuste que hiciste, evidentemente no estamos haciendo las cosas bien\u201d.<\/p>\n<p>Por \u00faltimo, destac\u00f3 el apoyo del gobierno de Santa Fe \u201ccon las herramientas que tiene\u201d, entre las que cit\u00f3 el apoyo de los funcionarios y la fuerza de los legisladores nacionales y provinciales en el Congreso.<\/p>\n<h6>Fuente: uno<\/h6>\n","protected":false},"excerpt":{"rendered":"<p>El contexto econ\u00f3mico ya provoc\u00f3 la suspensi\u00f3n de horas extras, adelantos de vacaciones y suspensiones puntuales en f\u00e1bricas industriales grandes<\/p>\n","protected":false},"author":2,"featured_media":145334,"comment_status":"closed","ping_status":"closed","sticky":false,"template":"","format":"standard","meta":{"footnotes":""},"categories":[65],"tags":[10],"class_list":["post-145333","post","type-post","status-publish","format-standard","has-post-thumbnail","hentry","category-provincias","tag-santa-fe"],"_links":{"self":[{"href":"http:\/\/argentinamunicipal.com.ar\/argentina\/wp-json\/wp\/v2\/posts\/145333","targetHints":{"allow":["GET"]}}],"collection":[{"href":"http:\/\/argentinamunicipal.com.ar\/argentina\/wp-json\/wp\/v2\/posts"}],"about":[{"href":"http:\/\/argentinamunicipal.com.ar\/argentina\/wp-json\/wp\/v2\/types\/post"}],"author":[{"embeddable":true,"href":"http:\/\/argentinamunicipal.com.ar\/argentina\/wp-json\/wp\/v2\/users\/2"}],"replies":[{"embeddable":true,"href":"http:\/\/argentinamunicipal.com.ar\/argentina\/wp-json\/wp\/v2\/comments?post=145333"}],"version-history":[{"count":0,"href":"http:\/\/argentinamunicipal.com.ar\/argentina\/wp-json\/wp\/v2\/posts\/145333\/revisions"}],"wp:featuredmedia":[{"embeddable":true,"href":"http:\/\/argentinamunicipal.com.ar\/argentina\/wp-json\/wp\/v2\/media\/145334"}],"wp:attachment":[{"href":"http:\/\/argentinamunicipal.com.ar\/argentina\/wp-json\/wp\/v2\/media?parent=145333"}],"wp:term":[{"taxonomy":"category","embeddable":true,"href":"http:\/\/argentinamunicipal.com.ar\/argentina\/wp-json\/wp\/v2\/categories?post=145333"},{"taxonomy":"post_tag","embeddable":true,"href":"http:\/\/argentinamunicipal.com.ar\/argentina\/wp-json\/wp\/v2\/tags?post=145333"}],"curies":[{"name":"wp","href":"https:\/\/api.w.org\/{rel}","templated":true}]}}