{"id":145340,"date":"2024-03-15T05:38:17","date_gmt":"2024-03-15T08:38:17","guid":{"rendered":"http:\/\/argentinamunicipal.com.ar\/argentina\/?p=145340"},"modified":"2024-03-15T06:41:23","modified_gmt":"2024-03-15T09:41:23","slug":"brasil-saco-del-hambre-a-13-millones-de-personas-en-menos-de-2-anos","status":"publish","type":"post","link":"http:\/\/argentinamunicipal.com.ar\/argentina\/brasil-saco-del-hambre-a-13-millones-de-personas-en-menos-de-2-anos\/","title":{"rendered":"Brasil sac\u00f3 del hambre a 13 millones de personas en menos de 2 a\u00f1os"},"content":{"rendered":"<p>Un estudio del Instituto Fome Zero (Hambre Cero) muestra que el n\u00famero de personas en situaci\u00f3n de inseguridad alimentaria severa en Brasil cay\u00f3 de 33 millones en el primer trimestre de 2022 a 20 millones en el cuarto trimestre de 2023, un total de 13 millones menos de hambrientos en el pa\u00eds.<\/p>\n<p>La investigaci\u00f3n se bas\u00f3 en datos de la Encuesta Nacional Continua por Muestreo de Domicilios (PNAD) de 2022 y 2023, combinados con informaci\u00f3n de la Encuesta de Presupuestos Familiares (POF) de 2017-2018.<\/p>\n<p>\u00abHay que hacer una salvedad. La estimaci\u00f3n aqu\u00ed analizada es preliminar y debe interpretarse como un an\u00e1lisis de escenario de la situaci\u00f3n general de inseguridad alimentaria y nutricional en Brasil y sus indicadores macroecon\u00f3micos\u00bb, se\u00f1ala el estudio.<\/p>\n<p>\u00abSe describe un escenario de estabilidad en los indicadores que determinan la inseguridad alimentaria y nutricional y, por lo tanto, el inicio de una posible retracci\u00f3n en la prevalencia de la inseguridad alimentaria\u00bb, explica.<\/p>\n<p>La investigaci\u00f3n tambi\u00e9n muestra que, en 2022, Brasil se enfrentaba a una grave crisis de inseguridad alimentaria, con 65 millones de personas sufriendo restricciones nutricionales, pero que los cambios pol\u00edticos y las medidas econ\u00f3micas en curso desde 2023, que incluyen la expansi\u00f3n de beneficios asistenciales, promovieron una mejora.<\/p>\n<p>\u00abAunque alentadores, los resultados subrayan la continua necesidad de una acci\u00f3n coordinada para hacer frente a la inseguridad alimentaria. El estudio destaca la importancia de disponer de datos fiables y de oportunidades para orientar las pol\u00edticas p\u00fablicas y las futuras intervenciones\u00bb, afirma el instituto. \u00abA pesar de los avances, el trabajo para garantizar la seguridad alimentaria de todos los brasile\u00f1os contin\u00faa. La colaboraci\u00f3n entre investigadores, responsables pol\u00edticos y la sociedad civil ser\u00e1 esencial para afrontar los desaf\u00edos persistentes y crear un futuro m\u00e1s justo y seguro para todos.\u00bb<\/p>\n<h6>Fuente: Tucum\u00e1n Hoy<\/h6>\n","protected":false},"excerpt":{"rendered":"<p>Un estudio del Instituto Fome Zero (Hambre Cero) muestra que el n\u00famero de personas en situaci\u00f3n de inseguridad alimentaria severa en Brasil cay\u00f3 de 33 millones en el primer trimestre de 2022 a 20 millones en el cuarto trimestre de 2023, un total de 13 millones menos de hambrientos en el pa\u00eds.<\/p>\n","protected":false},"author":2,"featured_media":145341,"comment_status":"closed","ping_status":"closed","sticky":false,"template":"","format":"standard","meta":{"footnotes":""},"categories":[22],"tags":[57],"class_list":["post-145340","post","type-post","status-publish","format-standard","has-post-thumbnail","hentry","category-el-mundo","tag-el-mundo"],"_links":{"self":[{"href":"http:\/\/argentinamunicipal.com.ar\/argentina\/wp-json\/wp\/v2\/posts\/145340","targetHints":{"allow":["GET"]}}],"collection":[{"href":"http:\/\/argentinamunicipal.com.ar\/argentina\/wp-json\/wp\/v2\/posts"}],"about":[{"href":"http:\/\/argentinamunicipal.com.ar\/argentina\/wp-json\/wp\/v2\/types\/post"}],"author":[{"embeddable":true,"href":"http:\/\/argentinamunicipal.com.ar\/argentina\/wp-json\/wp\/v2\/users\/2"}],"replies":[{"embeddable":true,"href":"http:\/\/argentinamunicipal.com.ar\/argentina\/wp-json\/wp\/v2\/comments?post=145340"}],"version-history":[{"count":0,"href":"http:\/\/argentinamunicipal.com.ar\/argentina\/wp-json\/wp\/v2\/posts\/145340\/revisions"}],"wp:featuredmedia":[{"embeddable":true,"href":"http:\/\/argentinamunicipal.com.ar\/argentina\/wp-json\/wp\/v2\/media\/145341"}],"wp:attachment":[{"href":"http:\/\/argentinamunicipal.com.ar\/argentina\/wp-json\/wp\/v2\/media?parent=145340"}],"wp:term":[{"taxonomy":"category","embeddable":true,"href":"http:\/\/argentinamunicipal.com.ar\/argentina\/wp-json\/wp\/v2\/categories?post=145340"},{"taxonomy":"post_tag","embeddable":true,"href":"http:\/\/argentinamunicipal.com.ar\/argentina\/wp-json\/wp\/v2\/tags?post=145340"}],"curies":[{"name":"wp","href":"https:\/\/api.w.org\/{rel}","templated":true}]}}