{"id":145497,"date":"2024-04-08T06:05:41","date_gmt":"2024-04-08T09:05:41","guid":{"rendered":"http:\/\/argentinamunicipal.com.ar\/argentina\/?p=145497"},"modified":"2024-04-08T06:05:41","modified_gmt":"2024-04-08T09:05:41","slug":"despidos-historias-en-la-primera-linea","status":"publish","type":"post","link":"http:\/\/argentinamunicipal.com.ar\/argentina\/despidos-historias-en-la-primera-linea\/","title":{"rendered":"Despidos: historias en la primera l\u00ednea"},"content":{"rendered":"<p>Las \u00faltimas dos semanas, con los seis d\u00edas feriados en el medio, estuvieron signadas para much\u00edsimos trabajadores y trabajadoras por el duelo de perder el trabajo o la ansiedad de no saber si ser\u00edan las pr\u00f3ximas personas en la lista. 70 mil despidos anunci\u00f3 el presidente como una buena noticia que esconde que detr\u00e1s de esos puestos de trabajo vac\u00edos hay derechos que se pierden, accesibilidad para quienes la necesitan, protecci\u00f3n de las infancias, pol\u00edticas p\u00fablicas para familias campesinas y un largo etc\u00e9tera que da cuenta de lo poco que vale la gente para el gobierno libertario. Adem\u00e1s, ya despidieron a un 10 por ciento de las personas trans y travestis que hab\u00edan accedido al trabajo por la ley de cupo.<\/p>\n<p>Es brutal la violencia con la que el gobierno Milei-Villarruel est\u00e1 realizando las primeras olas de despidos, hoy fundamentalmente de trabajadoras\/es estatales. A pesar del dolor, el miedo, la desolaci\u00f3n que atraviesan las casas de quienes \u201crecibieron el telegrama\u201d, y la incertidumbre de quienes \u201cno lo recibieron\u2026 por ahora\u201d, lo que predomina no es la resignaci\u00f3n, sino la bronca, y las numerosas b\u00fasquedas organizativas para la resistencia y para vivir d\u00eda a d\u00eda.<\/p>\n<p>Las mujeres, las travestis y lxs trans -que accedieron a estas posibilidades de trabajo por la ley de cupo laboral travesti trans-, est\u00e1n en la primera l\u00ednea de la resistencia. Son concientes de que no se trata solamente de un ataque a su trabajo, sino tambi\u00e9n al conjunto de sus vidas, marcadas por el crecimiento del hambre -con el desabastecimiento de las ollas y comedores populares-, con las dificultades de acceso a la salud, la vivienda, y a otros muchos derechos. Estos despidos son un primer paso hacia la remodelaci\u00f3n del estado, que busca arrasar con los derechos conquistados en a\u00f1os de lucha<\/p>\n<p>Aqu\u00ed circulan voces que expresan angustias, pero tambi\u00e9n la inmensa capacidad de resistencia, y que muestra lo aprendido con y desde los feminismos populares, en la organizaci\u00f3n territorial, sindical, de base, tejiendo redes, y en el acuerpamiento en casos l\u00edmites. Las movilizaciones recorren el pa\u00eds. Mar\u00eda Rosa Mauregui una de las despedidas que trabajaba en la Agencia Territorial Mar del Plata del Ex Ministerio de Trabajo nos dice: \u201cSomos 14 despedidos\/as, siete de los cuales somos mujeres y diversidades. La mayor\u00eda de mis compa\u00f1eras son sost\u00e9n de hogar, mam\u00e1s, y la mayor\u00eda somos precarizadas, con mucha antig\u00fcedad, algunos con 20 a\u00f1os. En mi caso, hace ocho a\u00f1os que estoy en la Encuesta de indicadores laborales, y \u00faltimamente estaba como contratada art\u00edculo 9. Es la realidad de la mayor\u00eda de los despedidos. Es un ataque a nosotras como trabajadoras, y tambi\u00e9n a los programas que llev\u00e1bamos adelante. Nosotras relev\u00e1bamos a partir de la encuesta, la evoluci\u00f3n del empleo registrado, las altas, bajas, las b\u00fasquedas de personal. Es un dato que al gobierno no le interesa: cu\u00e1l es la realidad de los trabajadores y trabajadoras de Mar del Plata, una ciudad que tiene mucha precarizaci\u00f3n laboral y que la inmensa mayor\u00eda somos las mujeres. Los funcionarios de Techint se hicieron cargo a nivel nacional de la Secretar\u00eda de Trabajo, para hacer estas listas de despedidos, y desarticular las tareas que ven\u00edamos realizando, que tienen que ver con inserci\u00f3n laboral, programas hacia las mujeres v\u00edctimas de violencia de g\u00e9nero, la problem\u00e1tica laboral, para que no haya empleo no registrado, para evitar el trabajo infantil, la trata\u201d. Rosa da cuenta de los procesos organizativos previos, que permiten la respuesta colectiva: \u201cEstamos organizadas, en pie de lucha. Hemos sido parte de la marea verde, de enfrentar la violencia machista y la violencia que sufrimos las mujeres con la precarizaci\u00f3n, con los bajos salarios, hoy echadas a la calle. Planteamos \u201cNi una menos sin trabajo\u201d.<\/p>\n<p>Daniela Frencia, Delegada General de la junta interna de ATE Trabajo, subraya: \u201cEste golpe dur\u00edsimo, est\u00e1 vinculado al objetivo estrat\u00e9gico que tiene el gobierno -y concretamente el grupo Techint. En Trabajo quieren desarticular los mecanismos de defensa de los derechos laborales que tienen todos los trabajadores. Desde la Junta Interna estamos planteando que ahora es el momento de frenar a esta gente, y que en esta pelea se tienen que involucrar todos los sectores de laburantes, todas las centrales sindicales, porque lo que se pone en juego no son solamente los puestos de trabajo de nuestros compa\u00f1eros, sino las pol\u00edticas de empleo, de regulaci\u00f3n del trabajo que consagran derechos y conquistas hist\u00f3ricas\u201d.<\/p>\n<p><strong>La crueldad y la indiferencia<\/strong><br \/>\nHace 15 a\u00f1os\u00a0Luj\u00e1n\u00a0trabajaba en la Agencia Territorial La Plata, del Ministerio de Trabajo de la Naci\u00f3n. \u201cEsta no renovaci\u00f3n del contrato significa no solo haberme quedado sin trabajo, sino sin la posibilidad de pagar un alquiler, ya que soy separada, tengo dos hijos, en septiembre del a\u00f1o pasado me diagnosticaron c\u00e1ncer, por lo que el 3 de enero me hicieron una operaci\u00f3n m\u00faltiple de mama.\u00a0Actualmente estoy cursando un tratamiento oncol\u00f3gico. Perd\u00ed mi estabilidad, no s\u00e9 d\u00f3nde voy a vivir, ni c\u00f3mo voy a hacer, porque el tratamiento implica d\u00edas que no puedo trabajar. Tenemos pensado realizar un pedido para que se pueda rever mi situaci\u00f3n situaci\u00f3n m\u00e9dica, y como \u00faltima instancia hacerlo v\u00eda judicial si es necesario\u201d.<\/p>\n<p>Maive Carone Fern\u00e1ndez es Licenciada en Audiovisi\u00f3n, Asesora en Accesibilidad Comunicacional, trabajadora despedida de la Direcci\u00f3n de Accesibilidad de la Agencia Nacional de Discapacidad: \u201cSoy parte de la \u00faltima camada de despidos. El total de personas despedidas entre todas las camadas es de 340 trabajadores y trabajadoras. La Agencia Nacional de Discapacidad es un organismo bastante peque\u00f1o, tiene 1.380 trabajadores en todo el pa\u00eds. Es muy llamativo el modo en el que los despidos apuntan contra el trabajo territorial y la federalidad, e impiden que la ciudadan\u00eda pueda informarse respecto de sus derechos, y gestionar los tr\u00e1mites y servicios que la agencia puede brindar, como las pensiones, los fondos de ayudas t\u00e9cnicas y dem\u00e1s. Al d\u00eda de hoy la agencia se encuentra absolutamente detenida. La direcci\u00f3n de accesibilidad trabajaba espec\u00edficamente en dos ejes, la promoci\u00f3n y la producci\u00f3n de accesibilidad. Se abordaba la accesibilidad a los entornos f\u00edsicos, y la accesibilidad web, audiovisual, la accesibilidad a textos, en lengua de se\u00f1as argentina, y distintos aspectos a partir de un \u00e1rea conformada por muchos profesionales que trabaj\u00e1bamos interrelacionados. Yo me encargaba del dise\u00f1o de proyectos audiovisuales, la accesibilizaci\u00f3n de material preexistente y la creaci\u00f3n de material nuevo con caracter\u00edsticas de accesibilidad. La accesibilidad es la condici\u00f3n mediante la cual las personas pueden participar en igualdad de condiciones en cualquier entorno o en vinculaci\u00f3n con cualquier producto, servicio, situaci\u00f3n. Me parece absolutamente preocupante la intenci\u00f3n de esta gesti\u00f3n de desbaratar un \u00e1rea que ha mostrado ser necesaria y con gran capacidad para generar cambios en una sociedad tan desigual. Estas personas odian al pueblo y odian sobre todo a la parte del pueblo m\u00e1s vulnerada, a las personas pobres, a las personas con discapacidad. A nivel personal esta situaci\u00f3n me afecta como a cualquier otra persona que queda sin trabajo, siendo que ya no voy a poder alquilar, no voy a tener acceso al sistema de salud. Mi carrera se ve interrumpida. Espero volver a conseguir trabajo de esto que me apasiona y para lo cual me he formado durante toda mi vida. Espero desde alg\u00fan otro lugar poder seguir aportando a una sociedad m\u00e1s igualitaria\u201d.<\/p>\n<p>Carla Morales trabajaba en la Agencia Nacional de Discapacidad, a lo que accedi\u00f3 por el cupo laboral travesti trans. \u201cEl quedarnos sin trabajo implica que la mayor\u00eda de nosotras va a volver a la calle, ejerciendo la prostituci\u00f3n, porque la mayor\u00eda de las compa\u00f1eras no accedi\u00f3 anteriormente al sistema educativo y por consiguiente a la formaci\u00f3n profesional. Pero nosotras, las personas trans, travestis, no binarias, hemos aprendido a organizarnos desde hace mucho. Es por eso que hemos logrado la mejor ley de la identidad de g\u00e9nero del mundo y hemos peleado por el cupo laboral trans que se logr\u00f3 en el 2021. Nos estamos organizando con nuestros gremios, en todo el pa\u00eds, a trav\u00e9s de reuniones virtuales, por whatsapp, y usamos todos los medios para poder hacerlo\u201d.<\/p>\n<p>Ver\u00f3nica Soto\u00a0es trabajadora despedida del Instituto Nacional de Agricultura Familiar Campesina Ind\u00edgena. \u201cHemos sufrido la baja de 31 compa\u00f1eros del Instituto, de los cuales el 80% somos mujeres, trabajadoras del sector que, en mi caso, tenemos ah\u00ed 14 a\u00f1os.\u00a0Hay compa\u00f1eras que hace m\u00e1s de 20 a\u00f1os vienen desarrollando la tarea de acompa\u00f1ar al sector de la agricultura familiar, al campesinado y los pueblos originarios en lo que es la producci\u00f3n de alimentos saludables\u00a0en armon\u00eda con el medio ambiente, tendiendo a promover la soberan\u00eda alimentaria. En mi caso soy t\u00e9cnica socio-territorial del Valle de Punilla, Punilla Centro y Norte, acompa\u00f1ando a productores y productoras en la elaboraci\u00f3n de alimentos para el pueblo\u201d.<\/p>\n<p>El mi\u00e9rcoles 3 de abril la Asociaci\u00f3n de Trabajadores y Trabajadoras del Estado llam\u00f3 a un paro en los lugares de trabajo con un ingreso masivo de quienes hab\u00edan sido despedidos.<br \/>\nMariana Gerardi Davico, trabajadora de la SENAF\u00a0(Secretar\u00eda Nacional de Ni\u00f1ez, Adolescencia y Familia), la Negrita, tambi\u00e9n recibi\u00f3 el golpe: \u201cMis tareas en estos 14 a\u00f1os fueron bien variadas y hermosas.\u00a0Nuestro trabajo era el acompa\u00f1amiento a familias que tienen ni\u00f1as y ni\u00f1os de cero a cuatro a\u00f1os y personas gestantes. Cuando decimos acompa\u00f1ar, para nosotras implica poner el cuerpo en ese acompa\u00f1amiento, en ese sost\u00e9n que necesitan muchas mam\u00e1s, pap\u00e1s, abuelas, familias, ni\u00f1as.\u00a0Tenemos espacios construidos que se llaman zonas de crianza, que est\u00e1n alojados en diferentes lurgares como los CICs (Centros Integradores Comunitarios). 74 compa\u00f1eres del Programa Nacional Primeros A\u00f1os, de un total de 200, recibieron la informaci\u00f3n de la no renovaci\u00f3n de su contrato.\u00a0La desocupaci\u00f3n implica la ruptura de lo cotidiano, eso que de alguna manera uno hace todos los d\u00edas, y en mi caso con compromiso, amor a la tarea que desarrollo, con la que me he capacitado, y con la que intento poner siempre el mayor compromiso con las infancias. Nosotros venimos organiz\u00e1ndonos en la Asamblea Federal de Trabajadores y Trabajadoras, espacio que forjamos hace muchos a\u00f1os, que nos sostiene como colectivo de trabajadoras\/es. Venimos con asambleas permanentes,\u00a0pensando c\u00f3mo visibilizar nuestro trabajo, teniendo en cuenta que tiene que ver con el acceso a derechos, que si esta pol\u00edtica p\u00fablica se retira de los territorios, implica dejar sin ese acompa\u00f1amiento, a ni\u00f1os, ni\u00f1as, familias enteras en todo el pa\u00eds\u201d.<\/p>\n<p><strong>Esto reci\u00e9n empieza<\/strong><br \/>\nEl mi\u00e9rcoles 3 de abril en varios Ministerios y Secretar\u00edas se ingres\u00f3 colectivamente, dando una muestra de capacidad de desaf\u00edo. Luego se realizaron asambleas para ver la continuidad del plan de lucha. Al mismo tiempo,\u00a0se vienen organizando colectas para atender a las situaciones m\u00e1s urgentes, y creando redes para resolver los temas de la alimentaci\u00f3n, la salud, el cuidado.<\/p>\n<p>Reuniones de base de delegadas\/os estatales, de sectores sindicales combativos, de feminismos populares, se multiplican con la conciencia de que es en estos tiempos en los que se juega la posibilidad de frenar el avance de las pol\u00edticas capitalistas, patriarcales y punitivistas. La CGT, la burocracia sindical y pol\u00edtica, los gremios y partidos del orden, est\u00e1n siendo interpelados desde sus propias bases, con la exigencia del paro general. Y junto a eso, nuevos modos de organizaci\u00f3n, desde las asambleas barriales, territoriales, van tomando forma. La lucha ser\u00e1 seguramente muy dura, y esto exige caminar con firmeza, recuperando y animando la solidaridad, la ternura, y una pedagog\u00eda rebelde, que no permita que se consoliden las pol\u00edticas de crueldad o de indiferencia. Las mujeres, las travas, las trabajadoras y trabajadores organizades, est\u00e1n una vez m\u00e1s en la primera l\u00ednea de la lucha por la vida, y marcan\u00a0caminos de reinvenci\u00f3n del trabajo y del buen vivir, desde abajo, donde al miedo se lo combate colectivamente, y donde la resistencia social permite que el dolor no venza a la esperanza.<\/p>\n<p>Por\u00a0Claudia Korol<\/p>\n<h6>Fuente: P\u00e1gina 12<\/h6>\n","protected":false},"excerpt":{"rendered":"<p>Las \u00faltimas dos semanas, con los seis d\u00edas feriados en el medio, estuvieron signadas para much\u00edsimos trabajadores y trabajadoras por el duelo de perder el trabajo o la ansiedad de no saber si ser\u00edan las pr\u00f3ximas personas en la lista.<\/p>\n","protected":false},"author":2,"featured_media":145498,"comment_status":"closed","ping_status":"closed","sticky":false,"template":"","format":"standard","meta":{"footnotes":""},"categories":[6],"tags":[21],"class_list":["post-145497","post","type-post","status-publish","format-standard","has-post-thumbnail","hentry","category-opiniones","tag-argentina"],"_links":{"self":[{"href":"http:\/\/argentinamunicipal.com.ar\/argentina\/wp-json\/wp\/v2\/posts\/145497","targetHints":{"allow":["GET"]}}],"collection":[{"href":"http:\/\/argentinamunicipal.com.ar\/argentina\/wp-json\/wp\/v2\/posts"}],"about":[{"href":"http:\/\/argentinamunicipal.com.ar\/argentina\/wp-json\/wp\/v2\/types\/post"}],"author":[{"embeddable":true,"href":"http:\/\/argentinamunicipal.com.ar\/argentina\/wp-json\/wp\/v2\/users\/2"}],"replies":[{"embeddable":true,"href":"http:\/\/argentinamunicipal.com.ar\/argentina\/wp-json\/wp\/v2\/comments?post=145497"}],"version-history":[{"count":0,"href":"http:\/\/argentinamunicipal.com.ar\/argentina\/wp-json\/wp\/v2\/posts\/145497\/revisions"}],"wp:featuredmedia":[{"embeddable":true,"href":"http:\/\/argentinamunicipal.com.ar\/argentina\/wp-json\/wp\/v2\/media\/145498"}],"wp:attachment":[{"href":"http:\/\/argentinamunicipal.com.ar\/argentina\/wp-json\/wp\/v2\/media?parent=145497"}],"wp:term":[{"taxonomy":"category","embeddable":true,"href":"http:\/\/argentinamunicipal.com.ar\/argentina\/wp-json\/wp\/v2\/categories?post=145497"},{"taxonomy":"post_tag","embeddable":true,"href":"http:\/\/argentinamunicipal.com.ar\/argentina\/wp-json\/wp\/v2\/tags?post=145497"}],"curies":[{"name":"wp","href":"https:\/\/api.w.org\/{rel}","templated":true}]}}