{"id":145653,"date":"2024-04-11T06:13:43","date_gmt":"2024-04-11T09:13:43","guid":{"rendered":"http:\/\/argentinamunicipal.com.ar\/argentina\/?p=145653"},"modified":"2024-04-11T06:13:43","modified_gmt":"2024-04-11T09:13:43","slug":"coparticipacion-en-mendoza-ganadores-y-perdedores-del-nuevo-cambio-impulsado-por-cornejo","status":"publish","type":"post","link":"http:\/\/argentinamunicipal.com.ar\/argentina\/coparticipacion-en-mendoza-ganadores-y-perdedores-del-nuevo-cambio-impulsado-por-cornejo\/","title":{"rendered":"Coparticipaci\u00f3n en Mendoza: ganadores y perdedores del nuevo cambio impulsado por Cornejo"},"content":{"rendered":"<p>El Gobierno de Mendoza modific\u00f3 el Coeficiente de Equilibrio del Desarrollo Regional favoreciendo a los departamentos que menor crecimiento poblacional tuvieron entre los censos 2022 y 2010.<\/p>\n<p>Luego de meses de reclamos de los intendentes por los cambios en el reparto de la coparticipaci\u00f3n, el Gobierno de Mendoza anunci\u00f3 este mi\u00e9rcoles una actualizaci\u00f3n en uno de los \u00edndices de la distribuci\u00f3n de los recursos. La iniciativa entr\u00f3 en el \u201cpaquete fiscal\u201d que present\u00f3 esta ma\u00f1ana el ministro de Hacienda y Finanzas, V\u00edctor Fayad, y modifica el Coeficiente de Equilibrio del Desarrollo Regional favoreciendo a los municipios que menor crecimiento poblacional tuvieron en la \u00faltima d\u00e9cada.<\/p>\n<p>El gobernador Alfredo Cornejo hab\u00eda adelantado semanas atr\u00e1s que uno de los puntos del paquete fiscal que impulsaba iba a estar vinculado a los recursos que reparte la provincia a los\u00a0municipios, aunque advirti\u00f3 que no se meter\u00eda en un cambio de fondo de la\u00a0Ley de Coparticipaci\u00f3n.<\/p>\n<p>Este mi\u00e9rcoles Fayad visit\u00f3 la Legislatura para presentar el proyecto de ley para \u201cmejorar el equilibrio y manejo eficiente de los recursos y activos del Estado\u201d. El objetivo de la iniciativa es realizar diversas modificaciones en la normativa vigente que permitan una mayor eficiencia de la administraci\u00f3n.<\/p>\n<p>La propuesta se divide en tres ejes: gesti\u00f3n del recurso humano del Estado, manejo eficiente de los activos y participaciones de las municipalidades en los recursos de jurisdicci\u00f3n nacional y provincial.<\/p>\n<p>Respecto a este \u00faltimo punto, el Gobierno provincial propuso modificar la coparticipaci\u00f3n financiera y el Coeficiente de Equilibrio del Desarrollo Municipal (CED) para lograr una \u201cdistribuci\u00f3n m\u00e1s justa y equitativa de los recursos\u201d adem\u00e1s de promover \u201cel desarrollo uniforme a trav\u00e9s de todas las municipalidades\u201d.<\/p>\n<p>La actual legislaci\u00f3n provincial establece que la distribuci\u00f3n de los recursos coparticipables entre los 18 departamentos se realiza teniendo en cuenta tres criterios. El 25% se reparte en partes iguales entre las comunas, el 65% se env\u00eda en proporci\u00f3n a la poblaci\u00f3n de cada departamento y el 10% se distribuye en base al Coeficiente de Equilibrio del Desarrollo Regional.<\/p>\n<p>A fin de a\u00f1o, el Ministerio de Hacienda comenz\u00f3 a aplicar los datos provisorios del Censo 2022, a trav\u00e9s de la Resoluci\u00f3n N\u00ba 10, afectando directamente el reparto relacionado a la cantidad de habitantes. Tras ese cambio, Luj\u00e1n de Cuyo y Maip\u00fa se vieron beneficiados por la nueva f\u00f3rmula, mientras que Godoy Cruz, Las Heras y Guaymall\u00e9n se consideraron perjudicados en reparto y cuestionaron la rigurosidad y precisi\u00f3n del estudio realizado por el INDEC.<\/p>\n<p>Para mitigar estas variaciones, el Gobierno provincial decidi\u00f3 modificar al coeficiente de equilibrio del desarrollo regional, que como su nombre indica busca compensar las diferencias entre las comunas con mayor cantidad de habitantes y las menos pobladas.<\/p>\n<p>En este sentido, la modificaci\u00f3n que decidieron las autoridades provinciales fue mejorar el coeficiente de los departamentos que menor crecimiento poblacional tuvieron entre el Censo 2022 y el Censo 2010 y restarle participaci\u00f3n en ese coeficiente a las comunas que tuvieron mayor aumento de poblaci\u00f3n.<\/p>\n<p>Fayad explic\u00f3 que \u201cesto es exactamente proporcional a la diferencia entre el Censo 2022 y el Censo 2010 proyectado. Aquellos municipios que crecieron menos en relaci\u00f3n promedio, el Coeficiente les ajusta una parte para que su coparticipaci\u00f3n no caiga tanto y aquellos\u00a0municipios\u00a0que crecieron m\u00e1s en promedio, el Coeficiente les ajusta una parte para que su coparticipaci\u00f3n no crezca tanto\u201d.<\/p>\n<p>El departamento m\u00e1s beneficiado con esta modificaci\u00f3n fue Godoy Cruz, que fue el que menos crecimiento intercensal tuvo en la \u00faltima d\u00e9cada seg\u00fan la medici\u00f3n del INDEC. En tanto, Luj\u00e1n de Cuyo fue el que m\u00e1s creci\u00f3, por lo cual es el que m\u00e1s ajuste negativo tiene sobre el Coeficiente. Y sucede lo mismo con Maip\u00fa, Jun\u00edn, San Mart\u00edn.<\/p>\n<p>De esta manera, los departamentos que crecieron muy por encima del promedio experimentar\u00e1n una ca\u00edda mayor en el Coeficiente, mientras que los que crecieron por debajo del promedio tendr\u00e1 una mejora mayor. A su vez, los que tuvieron una variaci\u00f3n en torno al promedio, el cambio es casi imperceptible.<\/p>\n<h6>Fuente: MDZ<\/h6>\n","protected":false},"excerpt":{"rendered":"<p>El Gobierno de Mendoza modific\u00f3 el Coeficiente de Equilibrio del Desarrollo Regional favoreciendo a los departamentos que menor crecimiento poblacional tuvieron entre los censos 2022 y 2010.<\/p>\n","protected":false},"author":2,"featured_media":145654,"comment_status":"closed","ping_status":"closed","sticky":false,"template":"","format":"standard","meta":{"footnotes":""},"categories":[4],"tags":[31],"class_list":["post-145653","post","type-post","status-publish","format-standard","has-post-thumbnail","hentry","category-informe-politico","tag-mendoza"],"_links":{"self":[{"href":"http:\/\/argentinamunicipal.com.ar\/argentina\/wp-json\/wp\/v2\/posts\/145653","targetHints":{"allow":["GET"]}}],"collection":[{"href":"http:\/\/argentinamunicipal.com.ar\/argentina\/wp-json\/wp\/v2\/posts"}],"about":[{"href":"http:\/\/argentinamunicipal.com.ar\/argentina\/wp-json\/wp\/v2\/types\/post"}],"author":[{"embeddable":true,"href":"http:\/\/argentinamunicipal.com.ar\/argentina\/wp-json\/wp\/v2\/users\/2"}],"replies":[{"embeddable":true,"href":"http:\/\/argentinamunicipal.com.ar\/argentina\/wp-json\/wp\/v2\/comments?post=145653"}],"version-history":[{"count":0,"href":"http:\/\/argentinamunicipal.com.ar\/argentina\/wp-json\/wp\/v2\/posts\/145653\/revisions"}],"wp:featuredmedia":[{"embeddable":true,"href":"http:\/\/argentinamunicipal.com.ar\/argentina\/wp-json\/wp\/v2\/media\/145654"}],"wp:attachment":[{"href":"http:\/\/argentinamunicipal.com.ar\/argentina\/wp-json\/wp\/v2\/media?parent=145653"}],"wp:term":[{"taxonomy":"category","embeddable":true,"href":"http:\/\/argentinamunicipal.com.ar\/argentina\/wp-json\/wp\/v2\/categories?post=145653"},{"taxonomy":"post_tag","embeddable":true,"href":"http:\/\/argentinamunicipal.com.ar\/argentina\/wp-json\/wp\/v2\/tags?post=145653"}],"curies":[{"name":"wp","href":"https:\/\/api.w.org\/{rel}","templated":true}]}}