{"id":145805,"date":"2024-04-18T06:07:22","date_gmt":"2024-04-18T09:07:22","guid":{"rendered":"http:\/\/argentinamunicipal.com.ar\/argentina\/?p=145805"},"modified":"2024-04-18T06:07:22","modified_gmt":"2024-04-18T09:07:22","slug":"es-oficial-no-se-podra-reelegir-indefinidamente-concejales-en-la-ciudad-de-mendoza","status":"publish","type":"post","link":"http:\/\/argentinamunicipal.com.ar\/argentina\/es-oficial-no-se-podra-reelegir-indefinidamente-concejales-en-la-ciudad-de-mendoza\/","title":{"rendered":"Es oficial: no se podr\u00e1 reelegir indefinidamente concejales en la Ciudad de Mendoza"},"content":{"rendered":"<p>El Honorable Concejo Deliberante de la Capital determin\u00f3 que los ediles no podr\u00e1n ser reelectos indefinidamente.<\/p>\n<p>Este martes, el Honorable Concejo Deliberante de la Ciudad de Mendoza aprob\u00f3 la ordenanza que limita la reelecci\u00f3n de los concejales. La norma hab\u00eda sido enviada por el Ejecutivo el mes pasado y recibi\u00f3 despacho favorable en comisi\u00f3n la \u00faltima semana.<\/p>\n<p>Votaron once concejales, la norma recibi\u00f3 diez votos a favor y uno en contra: el del representante electo por La Uni\u00f3n Mendocina, Gustavo Guti\u00e9rrez. Marcelo Rubio, presidente del Concejo, no pudo votar por estar a cargo del Ejecutivo ante la ausencia de Suarez.<\/p>\n<p>Seg\u00fan la ordenanza 4.169, los concejales de la Ciudad de Mendoza ser\u00e1n elegidos directamente por los habitantes del departamento y durar\u00e1n en sus funciones el t\u00e9rmino de cuatro a\u00f1os, pudiendo ser reelectos \u00fanicamente por un nuevo periodo. Si han sido reelectos, no podr\u00e1n ser elegidos nuevamente en el mismo cargo, sino con un intervalo de un periodo de cuatro a\u00f1os.<\/p>\n<p>Esta iniciativa ha sido dispuesta considerando que, en el sistema democr\u00e1tico, el pueblo ejerce la soberan\u00eda al elegir a sus gobernantes y reconociendo la importancia de la limitaci\u00f3n en la duraci\u00f3n de los mandatos como una medida para evitar la perpetuaci\u00f3n en el poder.<\/p>\n<p>\u201cEn virtud de las potestades constitucionales, he tomado esta determinaci\u00f3n tambi\u00e9n como un mensaje de renovaci\u00f3n de la pol\u00edtica hacia todos nuestros vecinos\u201d, hab\u00eda manifestado el intendente Ulpiano Suarez, en su discurso de apertura de sesiones ordinarias.<\/p>\n<h6>Fuente: MDZ<\/h6>\n","protected":false},"excerpt":{"rendered":"<p>El Honorable Concejo Deliberante de la Capital determin\u00f3 que los ediles no podr\u00e1n ser reelectos indefinidamente.<\/p>\n","protected":false},"author":2,"featured_media":145806,"comment_status":"closed","ping_status":"closed","sticky":false,"template":"","format":"standard","meta":{"footnotes":""},"categories":[4],"tags":[31],"class_list":["post-145805","post","type-post","status-publish","format-standard","has-post-thumbnail","hentry","category-informe-politico","tag-mendoza"],"_links":{"self":[{"href":"http:\/\/argentinamunicipal.com.ar\/argentina\/wp-json\/wp\/v2\/posts\/145805","targetHints":{"allow":["GET"]}}],"collection":[{"href":"http:\/\/argentinamunicipal.com.ar\/argentina\/wp-json\/wp\/v2\/posts"}],"about":[{"href":"http:\/\/argentinamunicipal.com.ar\/argentina\/wp-json\/wp\/v2\/types\/post"}],"author":[{"embeddable":true,"href":"http:\/\/argentinamunicipal.com.ar\/argentina\/wp-json\/wp\/v2\/users\/2"}],"replies":[{"embeddable":true,"href":"http:\/\/argentinamunicipal.com.ar\/argentina\/wp-json\/wp\/v2\/comments?post=145805"}],"version-history":[{"count":0,"href":"http:\/\/argentinamunicipal.com.ar\/argentina\/wp-json\/wp\/v2\/posts\/145805\/revisions"}],"wp:featuredmedia":[{"embeddable":true,"href":"http:\/\/argentinamunicipal.com.ar\/argentina\/wp-json\/wp\/v2\/media\/145806"}],"wp:attachment":[{"href":"http:\/\/argentinamunicipal.com.ar\/argentina\/wp-json\/wp\/v2\/media?parent=145805"}],"wp:term":[{"taxonomy":"category","embeddable":true,"href":"http:\/\/argentinamunicipal.com.ar\/argentina\/wp-json\/wp\/v2\/categories?post=145805"},{"taxonomy":"post_tag","embeddable":true,"href":"http:\/\/argentinamunicipal.com.ar\/argentina\/wp-json\/wp\/v2\/tags?post=145805"}],"curies":[{"name":"wp","href":"https:\/\/api.w.org\/{rel}","templated":true}]}}