{"id":145890,"date":"2024-04-22T05:32:47","date_gmt":"2024-04-22T08:32:47","guid":{"rendered":"http:\/\/argentinamunicipal.com.ar\/argentina\/?p=145890"},"modified":"2024-04-19T07:36:23","modified_gmt":"2024-04-19T10:36:23","slug":"un-municipio-mendocino-perdera-700-millones-y-espera-una-senal-de-alfredo-cornejo","status":"publish","type":"post","link":"http:\/\/argentinamunicipal.com.ar\/argentina\/un-municipio-mendocino-perdera-700-millones-y-espera-una-senal-de-alfredo-cornejo\/","title":{"rendered":"Un municipio mendocino perder\u00e1 $700 millones y espera una se\u00f1al de Alfredo Cornejo"},"content":{"rendered":"<p>Ocurrir\u00e1 si se modifica de la ley de coparticipaci\u00f3n como lo envi\u00f3 el Ejecutivo provincial a la Legislatura. El intendente tiene el apoyo de su partido. Novedades en el PJ.<\/p>\n<p>La nueva modificaci\u00f3n de la ley de coparticipaci\u00f3n de impuestos que envi\u00f3 el Gobierno de Alfredo Cornejo a la Legislatura para compensar a los departamentos que perdieron habitantes tras el censo 2022 perjudica directamente a dos municipios que ganaron en poblaci\u00f3n: Luj\u00e1n de Cuyo y Maip\u00fa. El primero, que gobierna Esteban Allasino (Uni\u00f3n Mendocina) sali\u00f3 con los tapones de punta contra el Gobierno provincial -ya tiene un reclamo en la Corte contra el Ejecutivo- y el segundo, el peronista Mat\u00edas Stevanato, se reuni\u00f3 este lunes con pares de su partido de quienes recibi\u00f3 el apoyo y eval\u00faa ir a la Justicia si Cornejo no da marcha atr\u00e1s con el cambio que le implicar\u00e1 una p\u00e9rdida anual de $700 millones, de acuerdo a los n\u00fameros que manejan en el municipio.<\/p>\n<p>El sector de los intendentes, conformado por Stevanato; Omar F\u00e9lix (San Rafael), su hermano Emir (exjefe comunal); el intendente de La Paz, Fernando Ubieta; y la intendenta de Santa Rosa, Flor Dest\u00e9fanis, se reunieron este lunes por la tarde en L&#8217;obrador, un restaurante de comida t\u00edpica que est\u00e1 en Las Paredes, en el ingreso oeste al centro sanrafaelino. En ese encuentro decidieron dar un apoyo expl\u00edcito a Stevanato en la disminuci\u00f3n en el reparto de impuestos si se aprueba la norma tal como est\u00e1\u00a0 planteada desde el Gobierno provincial para compensar a otros municipios que perdieron habitantes como Godoy Cruz, Las Heras y Guaymall\u00e9n.<\/p>\n<p>De la reuni\u00f3n se sacaron algunas conclusiones. Una, que los jefes comunales lo van a respaldar a Stevanato en su planteo. Esta premisa implica tambi\u00e9n apoyo legislativo. Es decir que los legisladores que reportan a los intendentes van a levantar la mano para votar en contra el proyecto y no s\u00f3lo lo har\u00e1 quienes responden al maipucino. A eso hay que sumar que La Uni\u00f3n Mendocina, que integra Allasino, tambi\u00e9n votar\u00e1 en contra.<\/p>\n<p>Pero adem\u00e1s, que esperan una se\u00f1al de di\u00e1logo de parte del Gobierno. La vicegobernadora Hebe Casado sostuvo ante\u00a0MDZ Radio\u00a0cuando fue presentada la modificaci\u00f3n en la Legislatura (dentro de un proyecto de varios art\u00edculos de reformas fiscales) que van a dialogar con los intendentes. Lo que esperan desde\u00a0Maip\u00fa, es que el Gobierno no apruebe r\u00e1pidamente la norma sin tener la oportunidad de dialogar con los jefes comunales ya que entienden que cualquier recorte de fondos en \u00e9pocas de crisis\u00a0implica menor recaudaci\u00f3n de tasas municipales y mayor reclamo de asistencia ciudadana, por lo tanto, los complica notablemente.<\/p>\n<p>Desde el Ejecutivo entienden que en realidad Maip\u00fa y Luj\u00e1n ya ganaron, porque reciben m\u00e1s fondos por tener m\u00e1s habitantes de acuerdo al censo 2022. Sin embargo, los $700 millones de pesos que perder\u00e1 este a\u00f1o Maip\u00fa tras aplicar la nueva norma pone en alerta a los intendentes del PJ que se abroquelan por este reclamo y adem\u00e1s pol\u00edticamente.<\/p>\n<p>De hecho, ya tienen los nombres posibles para postular para la elecci\u00f3n interna que tendr\u00e1n este a\u00f1o. A Dest\u00e9fanis se le termina el mandato frente al partido y los posibles reemplazantes (deber\u00e1n pasar la elecci\u00f3n interna) son Emir F\u00e9lix, Ubieta y el mismo Stevanato. Por otro lado, crece la sinergia con el partido Verde en la Legislatura y en el caso de la coparticipaci\u00f3n podr\u00edan votar juntos.<\/p>\n<h6>Fuente: MDZ<\/h6>\n<p>&nbsp;<\/p>\n","protected":false},"excerpt":{"rendered":"<p>Ocurrir\u00e1 si se modifica de la ley de coparticipaci\u00f3n como lo envi\u00f3 el Ejecutivo provincial a la Legislatura. El intendente tiene el apoyo de su partido. Novedades en el PJ.<\/p>\n","protected":false},"author":2,"featured_media":145891,"comment_status":"closed","ping_status":"closed","sticky":false,"template":"","format":"standard","meta":{"footnotes":""},"categories":[4],"tags":[31],"class_list":["post-145890","post","type-post","status-publish","format-standard","has-post-thumbnail","hentry","category-informe-politico","tag-mendoza"],"_links":{"self":[{"href":"http:\/\/argentinamunicipal.com.ar\/argentina\/wp-json\/wp\/v2\/posts\/145890","targetHints":{"allow":["GET"]}}],"collection":[{"href":"http:\/\/argentinamunicipal.com.ar\/argentina\/wp-json\/wp\/v2\/posts"}],"about":[{"href":"http:\/\/argentinamunicipal.com.ar\/argentina\/wp-json\/wp\/v2\/types\/post"}],"author":[{"embeddable":true,"href":"http:\/\/argentinamunicipal.com.ar\/argentina\/wp-json\/wp\/v2\/users\/2"}],"replies":[{"embeddable":true,"href":"http:\/\/argentinamunicipal.com.ar\/argentina\/wp-json\/wp\/v2\/comments?post=145890"}],"version-history":[{"count":0,"href":"http:\/\/argentinamunicipal.com.ar\/argentina\/wp-json\/wp\/v2\/posts\/145890\/revisions"}],"wp:featuredmedia":[{"embeddable":true,"href":"http:\/\/argentinamunicipal.com.ar\/argentina\/wp-json\/wp\/v2\/media\/145891"}],"wp:attachment":[{"href":"http:\/\/argentinamunicipal.com.ar\/argentina\/wp-json\/wp\/v2\/media?parent=145890"}],"wp:term":[{"taxonomy":"category","embeddable":true,"href":"http:\/\/argentinamunicipal.com.ar\/argentina\/wp-json\/wp\/v2\/categories?post=145890"},{"taxonomy":"post_tag","embeddable":true,"href":"http:\/\/argentinamunicipal.com.ar\/argentina\/wp-json\/wp\/v2\/tags?post=145890"}],"curies":[{"name":"wp","href":"https:\/\/api.w.org\/{rel}","templated":true}]}}