{"id":146128,"date":"2024-04-29T05:40:53","date_gmt":"2024-04-29T08:40:53","guid":{"rendered":"http:\/\/argentinamunicipal.com.ar\/argentina\/?p=146128"},"modified":"2024-04-26T06:28:10","modified_gmt":"2024-04-26T09:28:10","slug":"el-intendente-de-mendoza-negocia-con-fayad-como-hara-el-gobierno-para-pagarle-el-atrasado-fondo-compensador","status":"publish","type":"post","link":"http:\/\/argentinamunicipal.com.ar\/argentina\/el-intendente-de-mendoza-negocia-con-fayad-como-hara-el-gobierno-para-pagarle-el-atrasado-fondo-compensador\/","title":{"rendered":"El intendente de Mendoza negocia con Fayad c\u00f3mo har\u00e1 el Gobierno para pagarle el atrasado Fondo Compensador"},"content":{"rendered":"<p>El intendente citadino pretende que para cubrir la deuda la provincia le ceda dos terrenos: el del aut\u00f3dromo y un sector de la Base C\u00f3ndor<\/p>\n<p>La eterna disputa entre la comuna de Ciudad y el Gobierno provincial por el Fondo Compensador, por la que el intendente Ulpiano Suarez amag\u00f3 con ir a la Justicia, entr\u00f3 ahora en fase de negociaci\u00f3n. Este mi\u00e9rcoles se sentaron en una misma mesa el ministro de Hacienda, V\u00edctor Fayad y el equipo de Hacienda citadino para comenzar el tire y afloje.<\/p>\n<p>Los representantes de Ciudad, comandados por la secretaria de la cartera,\u00a0Patricia S\u00e1nchez, desplegar\u00e1n toda la documentaci\u00f3n para mostrar que aquel\u00a0Fondo Compensador\u00a0-que naci\u00f3 en 1996, cuando se cre\u00f3 el actual sistema de coparticipaci\u00f3n- qued\u00f3\u00a0desactualizado.<\/p>\n<p>En ese entonces se pact\u00f3 para la Ciudad, que se ve\u00eda fuertemente perjudicada por los cambios,\u00a0una compensaci\u00f3n en suma fija\u00a0que representaba el\u00a02,5% de la coparticipaci\u00f3n total.<\/p>\n<p>Para aquel momento el monto era razonable, pero la inflaci\u00f3n cambi\u00f3 la historia. La \u00faltima vez que se actualiz\u00f3 esa suma fue hace 14 a\u00f1os, cuando V\u00edctor Fayad -padre del actual ministro- era el intendente de la Capital mendocina. Desde ese entonces hasta hoy qued\u00f3 congelado en $12,5 millones.<\/p>\n<p>Por tanto, Suarez pretende que ese Fondo Compensador\u00a0vuelva a representar el 2,5% de la coparticipaci\u00f3n total. En sus c\u00e1lculos actualizados a los montos actuales, deber\u00eda ser de\u00a0$7.300 millones.<\/p>\n<p>En la previa de la reuni\u00f3n,\u00a0Diario UNO\u00a0intent\u00f3 conocer cu\u00e1l ser\u00eda la contrapropuesta del Gobierno que Fayad llevar\u00eda bajo el brazo, pero el ministro\u00a0se neg\u00f3 a mostrar sus cartas. Sin embargo, previamente, en declaraciones medi\u00e1ticas hab\u00eda admitido el atraso del Fondo Compensador: \u00abeso no es discutible\u00bb, asumi\u00f3 en aquel momento.<\/p>\n<p><strong>Para compensar la deuda, Ulpiano quiere dos terrenos<\/strong><br \/>\nLa \u00faltima vez que el Fondo Compensador se actualiz\u00f3 fue en el 2010, durante la gesti\u00f3n de Celso Jaque. Desde entonces qued\u00f3 congelado en los mencionados\u00a0$12,5 millones, que es lo que se sigue pagando hasta la actualidad.<\/p>\n<p>Eso es lo que lo habilita a Suarez a exigirle al Gobierno una deuda por los 14 a\u00f1os en que no se lo actualiz\u00f3.<\/p>\n<p>\u00abLo que se est\u00e1 pidiendo por ese atraso son\u00a0dos terrenos que a Ciudad le servir\u00edan para proyectos productivos y para generar empleo. Son las 15 hect\u00e1reas del\u00a0ex aut\u00f3dromo de la zona oeste, en donde se est\u00e1 planeando hacer un parque solar, y otras 12,8 hect\u00e1reas de la\u00a0zona sur de la Base C\u00f3ndor, en donde se proyecta levantar un barrio, porque es un sector que ya cuenta con todos los servicios\u00bb, confiaron desde Ciudad.<\/p>\n<p><strong>C\u00f3mo se actualiza el monto del fondo para el 2025<\/strong><br \/>\nPara la actualizaci\u00f3n del monto que se pague este a\u00f1o, el intendente de Ciudad pedir\u00e1 que se haga con dinero, pero no para gastos corrientes, ni para pagar sueldos, sino\u00a0para costear algunos proyectos que estar\u00eda dispuesto a mostrarle a Fayad.<\/p>\n<p>En tanto que para la actualizaci\u00f3n que busca hacer para enero del 2025, fuentes de la comuna dijeron: \u00abConsideramos que\u00a0ese fondo tiene que ser del 2,5% de la masa coparticipable.\u00a0Es probable que el Gobierno plantee que se actualice siguiendo el \u00edndice CER, que es el\u00a0Coeficiente de Estabilizaci\u00f3n de Referencia\u00a0que sigue la evoluci\u00f3n de la inflaci\u00f3n.\u00a0Eso es lo que vamos a sentarnos a negociar\u00bb, adelantaron desde Ciudad.<\/p>\n<h6>Fuente: Uno<\/h6>\n","protected":false},"excerpt":{"rendered":"<p>El intendente citadino pretende que para cubrir la deuda la provincia le ceda dos terrenos: el del aut\u00f3dromo y un sector de la Base C\u00f3ndor<\/p>\n","protected":false},"author":2,"featured_media":146129,"comment_status":"closed","ping_status":"closed","sticky":false,"template":"","format":"standard","meta":{"footnotes":""},"categories":[4],"tags":[31],"class_list":["post-146128","post","type-post","status-publish","format-standard","has-post-thumbnail","hentry","category-informe-politico","tag-mendoza"],"_links":{"self":[{"href":"http:\/\/argentinamunicipal.com.ar\/argentina\/wp-json\/wp\/v2\/posts\/146128","targetHints":{"allow":["GET"]}}],"collection":[{"href":"http:\/\/argentinamunicipal.com.ar\/argentina\/wp-json\/wp\/v2\/posts"}],"about":[{"href":"http:\/\/argentinamunicipal.com.ar\/argentina\/wp-json\/wp\/v2\/types\/post"}],"author":[{"embeddable":true,"href":"http:\/\/argentinamunicipal.com.ar\/argentina\/wp-json\/wp\/v2\/users\/2"}],"replies":[{"embeddable":true,"href":"http:\/\/argentinamunicipal.com.ar\/argentina\/wp-json\/wp\/v2\/comments?post=146128"}],"version-history":[{"count":0,"href":"http:\/\/argentinamunicipal.com.ar\/argentina\/wp-json\/wp\/v2\/posts\/146128\/revisions"}],"wp:featuredmedia":[{"embeddable":true,"href":"http:\/\/argentinamunicipal.com.ar\/argentina\/wp-json\/wp\/v2\/media\/146129"}],"wp:attachment":[{"href":"http:\/\/argentinamunicipal.com.ar\/argentina\/wp-json\/wp\/v2\/media?parent=146128"}],"wp:term":[{"taxonomy":"category","embeddable":true,"href":"http:\/\/argentinamunicipal.com.ar\/argentina\/wp-json\/wp\/v2\/categories?post=146128"},{"taxonomy":"post_tag","embeddable":true,"href":"http:\/\/argentinamunicipal.com.ar\/argentina\/wp-json\/wp\/v2\/tags?post=146128"}],"curies":[{"name":"wp","href":"https:\/\/api.w.org\/{rel}","templated":true}]}}