{"id":146215,"date":"2024-05-01T05:32:16","date_gmt":"2024-05-01T08:32:16","guid":{"rendered":"http:\/\/argentinamunicipal.com.ar\/argentina\/?p=146215"},"modified":"2024-04-30T19:36:28","modified_gmt":"2024-04-30T22:36:28","slug":"la-crisis-golpea-al-mercado-de-trabajo-y-ya-hay-10-mil-suspendidos-en-santa-fe","status":"publish","type":"post","link":"http:\/\/argentinamunicipal.com.ar\/argentina\/la-crisis-golpea-al-mercado-de-trabajo-y-ya-hay-10-mil-suspendidos-en-santa-fe\/","title":{"rendered":"La crisis golpea al mercado de trabajo y ya hay 10 mil suspendidos en Santa Fe"},"content":{"rendered":"<p>La cantidad de empresas que present\u00f3 pedidos de acuerdo por suspensiones se duplic\u00f3 en pocos meses. El efecto de la recesi\u00f3n.<\/p>\n<p>La depresi\u00f3n en la que ingres\u00f3 la econom\u00eda argentina muestra su impacto en el mercado laboral. En Santa Fe hay 60 empresas que firmaron acuerdos en el Ministerio de Trabajo provincial para suspender personal. Los afectados son unos 10 mil trabajadores del sector privado.<\/p>\n<p>As\u00ed lo confirm\u00f3 el secretario de Trabajo, Julio Genesini, quien subray\u00f3 que las empresas apelan a las suspensiones para afrontar la crisis \u201csosteniendo a personal capacitado, con la expectativa de que en alg\u00fan momento la econom\u00eda rebote\u201d. Esta l\u00ednea de contenci\u00f3n se arma a trav\u00e9s de las mesas tripartitas de las que participan el Estado, los gremios y las patronales, y que se han utilizado en otras situaciones de presi\u00f3n sobre el mercado laboral, como en los a\u00f1os 2018 y 2019.<\/p>\n<p>Si bien el universo de empleados suspendidos es una peque\u00f1a parte del medio mill\u00f3n de trabajadores del sector privado registrado que hay en la provincia, lo que preocupa es la din\u00e1mica. El secretario de Trabajo explic\u00f3 que hab\u00eda en noviembre un conjunto de 30 empresas que hab\u00edan apelado al art\u00edculo 223 de la ley de contrato de trabajo, que permite acordar suspensiones. La totalidad de esas firmas las renov\u00f3 y desde el comienzo de a\u00f1o se sumaron otras 30. La mayor\u00eda es por plazos de tres meses, renovables.<\/p>\n<p>El sector metal\u00fargico es uno de los m\u00e1s golpeados, junto con el de la construcci\u00f3n, seg\u00fan explic\u00f3 el funcionario durante una entrevista con el programa radial \u201cLa Banda Cambiaria\u201d. Pero uno de los rubros con mayor cantidad de suspendidos es el de vigilancia. A su juicio, refleja la reducci\u00f3n de servicios que contratan las empresas, en un marco de constante ajuste por el panorama recesivo. Tambi\u00e9n hay suspendidos en industrias de alimentaci\u00f3n, qu\u00edmicas, vidrio y gastron\u00f3micos. Y en los sectores de gastronom\u00eda y salud.<\/p>\n<p>\u201cEsta es una etapa que hay que transitar tratando de evitar la p\u00e9rdida de puestos de trabajo, si la econom\u00eda no se reactiva corremos el riesgo de pasar a una etapa m\u00e1s complicada\u201d, explic\u00f3 Genesini, quien subray\u00f3 que hasta ahora este sistema ha logrado contener males mayores, aunque \u201chay un efecto goteo de desvinculaciones en establecimientos m\u00e1s chicos\u201d.<\/p>\n<p>Los \u00faltimos datos oficiales de empleo privado registrado son los correspondientes a enero. Seg\u00fan un informe del Centro de Econom\u00eda Pol\u00edtica Argentina (Cepa) de Rosario, en Santa Fe se perdieron 2.281 puestos de trabajo respecto de diciembre de 2023.<\/p>\n<p>\u201cLuego del piso registrado en mayo de 2020, la provincia inici\u00f3 un proceso de crecimiento sostenido del empleo, recuperando la totalidad de puestos perdidos en la doble crisis de empleo (la gesti\u00f3n Cambiemos y la pandemia) y alcanzando un m\u00e1ximo hist\u00f3rico de puestos de trabajo registrados en el sector privado en agosto de 2023, con 523.466\u201d, se\u00f1al\u00f3 el trabajo. El crecimiento, agreg\u00f3, se vio interrumpido en septiembre y, desde entonces, la evoluci\u00f3n del empleo comenz\u00f3 a \u201casemejarse al comportamiento de la actividad econ\u00f3mica\u201d.<\/p>\n<p>El a\u00f1o pasado la econom\u00eda fue afectada por la sequ\u00eda. A nivel nacional, la retracci\u00f3n se compens\u00f3 en buena medida por la expansi\u00f3n de otros sectores y por la asistencia estatal. En Santa Fe, el fen\u00f3meno clim\u00e1tico peg\u00f3 en el coraz\u00f3n productivo, y el derrumbe casi llega a dos d\u00edgitos. Pero a partir de diciembre, aunque volvieron las lluvias, se desplomaron a niveles hist\u00f3ricos las ramas de actividad que m\u00e1s empleo generan, como la construcci\u00f3n y la industria. Y el nuevo modelo no parece motorizar un rebote r\u00e1pido.<\/p>\n<p>El empleo privado formal es apenas una porci\u00f3n de la foto del mercado laboral, que incluye al sector p\u00fablico y al largo tercio de empleados aut\u00f3nomos o informales. A fin del a\u00f1o pasado, la tasa de desempleo fue de 4,7% en el Gran Rosario, un piso hist\u00f3rico. Sin embargo, ese n\u00famero capt\u00f3 tambi\u00e9n la consecuencia de una retracci\u00f3n de la oferta de mano de obra y fue acompa\u00f1ada de un aumento de la subocupaci\u00f3n, indicador que informa sobre una mayor precariedad del empleo. Esa es la porci\u00f3n que primero se pierde en las crisis.<\/p>\n<p>En un reciente informe presentado a la C\u00e1mara baja, el diputado provincial Carlos del Frade (FSP) record\u00f3 que en los dos grandes aglomerados de la provincia hay 230 mil personas con problemas laborales, entre 46 mil desocupados, 73 mil ocupados que demandan m\u00e1s empleo y 91 mil subocupados.<\/p>\n<p>Las se\u00f1ales que se env\u00edan desde la administraci\u00f3n nacional son demoledoras. Los despidos a mansalva del Estado entraron en una nueva etapa, con los telegramas que ya llegaron a los empleados del correo y la advertencia sobre desvinculaciones en Trenes Argentinos. Esta pol\u00edtica suma recesi\u00f3n e incentiva la reducci\u00f3n de planteles en el sector privado. Si en los \u00faltimos tres a\u00f1os el debate pas\u00f3 por las dificultades para combinar pleno empleo con magros ingresos, el problema ahora ser\u00e1 menos trabajo y peor salario.<\/p>\n<h6>Fuente: La Capital<\/h6>\n","protected":false},"excerpt":{"rendered":"<p>La cantidad de empresas que present\u00f3 pedidos de acuerdo por suspensiones se duplic\u00f3 en pocos meses. El efecto de la recesi\u00f3n.<\/p>\n","protected":false},"author":2,"featured_media":146217,"comment_status":"closed","ping_status":"closed","sticky":false,"template":"","format":"standard","meta":{"footnotes":""},"categories":[2],"tags":[10],"class_list":["post-146215","post","type-post","status-publish","format-standard","has-post-thumbnail","hentry","category-informe-municipal","tag-santa-fe"],"_links":{"self":[{"href":"http:\/\/argentinamunicipal.com.ar\/argentina\/wp-json\/wp\/v2\/posts\/146215","targetHints":{"allow":["GET"]}}],"collection":[{"href":"http:\/\/argentinamunicipal.com.ar\/argentina\/wp-json\/wp\/v2\/posts"}],"about":[{"href":"http:\/\/argentinamunicipal.com.ar\/argentina\/wp-json\/wp\/v2\/types\/post"}],"author":[{"embeddable":true,"href":"http:\/\/argentinamunicipal.com.ar\/argentina\/wp-json\/wp\/v2\/users\/2"}],"replies":[{"embeddable":true,"href":"http:\/\/argentinamunicipal.com.ar\/argentina\/wp-json\/wp\/v2\/comments?post=146215"}],"version-history":[{"count":0,"href":"http:\/\/argentinamunicipal.com.ar\/argentina\/wp-json\/wp\/v2\/posts\/146215\/revisions"}],"wp:featuredmedia":[{"embeddable":true,"href":"http:\/\/argentinamunicipal.com.ar\/argentina\/wp-json\/wp\/v2\/media\/146217"}],"wp:attachment":[{"href":"http:\/\/argentinamunicipal.com.ar\/argentina\/wp-json\/wp\/v2\/media?parent=146215"}],"wp:term":[{"taxonomy":"category","embeddable":true,"href":"http:\/\/argentinamunicipal.com.ar\/argentina\/wp-json\/wp\/v2\/categories?post=146215"},{"taxonomy":"post_tag","embeddable":true,"href":"http:\/\/argentinamunicipal.com.ar\/argentina\/wp-json\/wp\/v2\/tags?post=146215"}],"curies":[{"name":"wp","href":"https:\/\/api.w.org\/{rel}","templated":true}]}}