{"id":146223,"date":"2024-05-01T05:39:28","date_gmt":"2024-05-01T08:39:28","guid":{"rendered":"http:\/\/argentinamunicipal.com.ar\/argentina\/?p=146223"},"modified":"2024-04-30T19:43:42","modified_gmt":"2024-04-30T22:43:42","slug":"los-despidos-en-el-correo-argentino-pueden-afectar-a-las-localidades-chicas","status":"publish","type":"post","link":"http:\/\/argentinamunicipal.com.ar\/argentina\/los-despidos-en-el-correo-argentino-pueden-afectar-a-las-localidades-chicas\/","title":{"rendered":"Los despidos en el Correo Argentino pueden afectar a las localidades chicas"},"content":{"rendered":"<p>Lo asegur\u00f3 Luis C\u00e1rdenas, de la Asociaci\u00f3n Argentina de Trabajadores de las Comunicaciones.<\/p>\n<p>El secretario adjunto de la Asociaci\u00f3n Argentina de Trabajadores de las Comunicaciones, Luis C\u00e1rdenas habl\u00f3 con FM EL CHUBUT sobre los despidos en el Correo Argentino, tanto a nivel provincial como nacional, asegurando que \u00abeste Gobierno nacional tom\u00f3 a la decisi\u00f3n de eliminar todas las empresas del estado y el Correo es una de ellas\u00bb.<br \/>\n\u00abAnunciaron que iban a comenzar a hacer un achique. En total, en todo el pa\u00eds, hay 18.000 trabajadores y pretenden sacar a 9.000\u00bb, detall\u00f3, remarcando que la entidad que representa buscar\u00e1 que ese achicamiento sea el menor posible.<\/p>\n<p>\u00abLamentablemente es una empresa m\u00e1s y, como siempre hay bajas, pero est\u00e1n apuntando primero a los que tienen alg\u00fan litigio legal con la empresa, despu\u00e9s con un plan de retiro apuntan a los que est\u00e9n pr\u00f3ximos a jubilarse y, finalmente, a los que tienen pocos a\u00f1os de antig\u00fcedad\u00bb.<\/p>\n<p>\u00abLegalmente estamos atados de pies y manos, porque la causal de despido es la reestructuraci\u00f3n y se paga la indemnizaci\u00f3n que corresponde. No hay mucho para hacer, es una decisi\u00f3n pol\u00edtica. Es muy triste, porque detr\u00e1s de cada trabajador hay una familia\u00bb, sentenci\u00f3 C\u00e1rdenas, remarcando que uno no entiende, por qu\u00e9 el Gobierno dice que no tiene plata, pero para despedirlos s\u00ed\u00bb.<\/p>\n<p>Finalmente, sostuvo que el despido de trabajadores puede afectar el funcionamiento del Correo Argentino en los pueblos chicos, porque \u00abno hay empresa que brinde el servicio que presta el Correo oficial, llegando a lugares donde nadie llega, porque cumple una funci\u00f3n social, pero eso es algo que no le importa a este Gobierno\u00bb.<\/p>\n<h6>Fuente: El Chubut<\/h6>\n","protected":false},"excerpt":{"rendered":"<p>Lo asegur\u00f3 Luis C\u00e1rdenas, de la Asociaci\u00f3n Argentina de Trabajadores de las Comunicaciones.<\/p>\n","protected":false},"author":2,"featured_media":146224,"comment_status":"closed","ping_status":"closed","sticky":false,"template":"","format":"standard","meta":{"footnotes":""},"categories":[2],"tags":[21],"class_list":["post-146223","post","type-post","status-publish","format-standard","has-post-thumbnail","hentry","category-informe-municipal","tag-argentina"],"_links":{"self":[{"href":"http:\/\/argentinamunicipal.com.ar\/argentina\/wp-json\/wp\/v2\/posts\/146223","targetHints":{"allow":["GET"]}}],"collection":[{"href":"http:\/\/argentinamunicipal.com.ar\/argentina\/wp-json\/wp\/v2\/posts"}],"about":[{"href":"http:\/\/argentinamunicipal.com.ar\/argentina\/wp-json\/wp\/v2\/types\/post"}],"author":[{"embeddable":true,"href":"http:\/\/argentinamunicipal.com.ar\/argentina\/wp-json\/wp\/v2\/users\/2"}],"replies":[{"embeddable":true,"href":"http:\/\/argentinamunicipal.com.ar\/argentina\/wp-json\/wp\/v2\/comments?post=146223"}],"version-history":[{"count":0,"href":"http:\/\/argentinamunicipal.com.ar\/argentina\/wp-json\/wp\/v2\/posts\/146223\/revisions"}],"wp:featuredmedia":[{"embeddable":true,"href":"http:\/\/argentinamunicipal.com.ar\/argentina\/wp-json\/wp\/v2\/media\/146224"}],"wp:attachment":[{"href":"http:\/\/argentinamunicipal.com.ar\/argentina\/wp-json\/wp\/v2\/media?parent=146223"}],"wp:term":[{"taxonomy":"category","embeddable":true,"href":"http:\/\/argentinamunicipal.com.ar\/argentina\/wp-json\/wp\/v2\/categories?post=146223"},{"taxonomy":"post_tag","embeddable":true,"href":"http:\/\/argentinamunicipal.com.ar\/argentina\/wp-json\/wp\/v2\/tags?post=146223"}],"curies":[{"name":"wp","href":"https:\/\/api.w.org\/{rel}","templated":true}]}}