{"id":146247,"date":"2024-05-02T05:41:09","date_gmt":"2024-05-02T08:41:09","guid":{"rendered":"http:\/\/argentinamunicipal.com.ar\/argentina\/?p=146247"},"modified":"2024-05-01T18:45:53","modified_gmt":"2024-05-01T21:45:53","slug":"en-caba-ser-de-clase-media-es-un-lujo","status":"publish","type":"post","link":"http:\/\/argentinamunicipal.com.ar\/argentina\/en-caba-ser-de-clase-media-es-un-lujo\/","title":{"rendered":"En CABA, ser de clase media es un lujo"},"content":{"rendered":"<p>La proporci\u00f3n de hogares de clase media en la Ciudad, hist\u00f3ricamente el grupo m\u00e1s numeroso de la poblaci\u00f3n del distrito, cay\u00f3 de 54,7 en 2015 a 44,3 por ciento en el \u00faltimo trimestre del 2023.<\/p>\n<p>La combinaci\u00f3n de ser porte\u00f1as y ser de clase media es un lujo que cada vez menos familias pueden alcanzar. La proporci\u00f3n de hogares de clase media en la Ciudad,\u00a0 hist\u00f3ricamente el grupo m\u00e1s numeroso de la poblaci\u00f3n del distrito, cay\u00f3 de 54,7 en 2015 a 44,3 por ciento en el \u00faltimo trimestre del 2023, una variaci\u00f3n de m\u00e1s de 10 puntos en los \u00faltimos ocho a\u00f1os. Como contracara, los hogares pobres en CABA duplicaron su participaci\u00f3n entre 2015 y 2023 pasando de 11,2 a 24,3 por ciento.<\/p>\n<p>\u00bfQu\u00e9 pasa con la clase media en la Ciudad de Buenos Aires?, se preguntan los investigadores del\u00a0Centro de Estudios Metropolitanos (CEM) Dar\u00edo Romano, Ignacio Smith y Mariana Sosa.\u00a0\u00abSi bien la clase media sol\u00eda representar m\u00e1s de la mitad de los hogares de la Ciudad, la evoluci\u00f3n de los \u00faltimos ocho a\u00f1os muestra una tendencia decreciente: cada vez menos porte\u00f1os forman parte de la clase media y cada vez hay m\u00e1s porte\u00f1os pobres e indigentes\u00bb, se responden los autores tras analizar la Encuesta de Ocupaci\u00f3n e Ingresos (ETOI) que publica trimestralmente el organismo estad\u00edstico de la Ciudad.<\/p>\n<p>La proporci\u00f3n de hogares de clase media en la Ciudad cay\u00f3 diez puntos entre 2015 y 2023. En n\u00fameros, significa que 112 mil de un total de 1,4 millones de hogares dejaron de pertenecer a la clase media en los \u00faltimos ocho a\u00f1os a\u00f1os. En t\u00e9rminos absolutos, los hogares de este sector han pasado de representar 713 mil hogares en el 2015 a representar 601 mil en 2023. En t\u00e9rminos de personas tambi\u00e9n se observa una ca\u00edda significativa de la clase media en CABA. En 2015 un total de 1,6 millones personas formaban parte de este estrato, cifra que cae a 1,5 millones en 2019 y a 1,3 millones en el cuarto trimestre de 2023.<\/p>\n<p>\u00abLa disminuci\u00f3n de la clase media porte\u00f1a se explica por el deterioro generalizado que afecta a todos los sectores sociales, incluso a los m\u00e1s acomodados\u00bb, contin\u00faa el informe del CEM. Los hogares de la ciudad considerados \u00abacomodados\u00bb, aquellos cuyo ingreso mensual es de 4 veces o m\u00e1s la Canasta Total del Sistema de Canastas de Consumo, pasaron de representar el 16,7 por ciento de los hogares en 2015 a conformar el 9,5 or ciento. La contracara de este deterioro se verifica en el hecho de que los hogares pobres en CABA duplicaron su participaci\u00f3n entre 2015 y 2023 pasando de un 11,2 a 24,3 por ciento. Dentro de esta categor\u00eda se observa c\u00f3mo el componente que m\u00e1s creci\u00f3 es el de pobres indigentes, pasando de 2,8 por ciento en 2015 a 8,6 por ciento en el 2023.<\/p>\n<p><strong>Los pobres, m\u00e1s golpeados<\/strong><br \/>\nEl sector que m\u00e1s padeci\u00f3 la ca\u00edda en sus condiciones de vida en los \u00faltimos ocho a\u00f1os es aquel compuesto por personas en situaci\u00f3n de pobreza e indigencia.\u00a0El porcentaje de pobres en CABA m\u00e1s que se duplic\u00f3 entre 2015 y 2023 pasando de representar un 11,2 a 24,3 por ciento de los hogares. \u00abDentro de esta categor\u00eda se observa c\u00f3mo el componente que m\u00e1s creci\u00f3 es el de pobres indigentes el cual se triplic\u00f3, pasando de 2,8 por ciento en 2015 (37 mil hogares) a 8,6 por ciento (117 mil hogares) en 2023\u00bb, alerta el CEM.<\/p>\n<p>Al considerar el aumento de la pobreza medido en personas, los datos resultan m\u00e1s contundentes ya que los hogares pobres tienen mayor cantidad de miembros que los acomodados. La cantidad de personas pobres en la CABA pas\u00f3 de 510 mil en 2015 a 928 mil en el cuarto trimestre de 2023. Dentro del crecimiento de las personas en situaci\u00f3n de pobreza cabe destacar el aumento de personas en situaci\u00f3n de indigencia, que pasa de 124 mil en 2015 a 376 mil en 2023 lo que supone que la cantidad de personas en esta condici\u00f3n se triplic\u00f3.<\/p>\n<p><strong>Un gobierno que no colabora<\/strong><br \/>\nAl analizar los aumentos de precios acumulados en estos rubros entre diciembre de 2023 y marzo de 2024, se observa un incremento muy significativo en los precios de la medicina prepaga (+153 por ciento), un 110 por ciento de aumento en el precio de combustibles para veh\u00edculos y un 42,5 por ciento de aumento en el precio de los alquileres. \u00abLos tres rubros son utilizados como\u00a0consumos t\u00edpicos de los hogares y personas del estrato de clase media y\u00a0 han experimentado subas de precios\u00a0extraordinarias durante los \u00faltimos meses\u00bb, explica el documento.<\/p>\n<p>A la p\u00e9rdida de poder adquisitivo de la clase media deber\u00e1n sumarse componentes de gran impacto para este sector como es el caso de la educaci\u00f3n privada. Seg\u00fan la Asociaci\u00f3n de Institutos de Ense\u00f1anza Privada Buenos Aires (AIEPBA), el Gobierno de la Ciudad autoriz\u00f3 aumentos de hasta 40 por ciento en marzo y de 9 por ciento para abril, totalizando en dos meses un aumento del 52,6 por ciento en las cuotas de colegios con subvenci\u00f3n estatal. A su vez, durante abril se suma el aumento de la tarifa de gas que implicar\u00e1 incrementos de entre 150 por ciento hasta 300 por ciento e incrementos en las tarifas el\u00e9ctricas.<\/p>\n<p>\u00abEstos elementos nos permiten prever un escenario en el cual se profundizar\u00e1 la brecha entre ingresos y precios para los sectores medios de CABA, lo que probablemente redundar\u00e1 en una profundizaci\u00f3n de la tendencia al crecimiento de la pobreza y de la ca\u00edda de la clase media que ya se ven\u00eda registrando. La posibilidad de un cambio cualitativo de\u00a0car\u00e1cter regresivo en la estructura social que ha caracterizado hist\u00f3ricamente a la Ciudad est\u00e1 abierta\u00bb, concluye el informe.<\/p>\n<h6>Fuente: P\u00e1gina 12<\/h6>\n","protected":false},"excerpt":{"rendered":"<p>La proporci\u00f3n de hogares de clase media en la Ciudad, hist\u00f3ricamente el grupo m\u00e1s numeroso de la poblaci\u00f3n del distrito, cay\u00f3 de 54,7 en 2015 a 44,3 por ciento en el \u00faltimo trimestre del 2023.<\/p>\n","protected":false},"author":2,"featured_media":146248,"comment_status":"closed","ping_status":"closed","sticky":false,"template":"","format":"standard","meta":{"footnotes":""},"categories":[5],"tags":[12],"class_list":["post-146247","post","type-post","status-publish","format-standard","has-post-thumbnail","hentry","category-informe-economico","tag-buenos-aires"],"_links":{"self":[{"href":"http:\/\/argentinamunicipal.com.ar\/argentina\/wp-json\/wp\/v2\/posts\/146247","targetHints":{"allow":["GET"]}}],"collection":[{"href":"http:\/\/argentinamunicipal.com.ar\/argentina\/wp-json\/wp\/v2\/posts"}],"about":[{"href":"http:\/\/argentinamunicipal.com.ar\/argentina\/wp-json\/wp\/v2\/types\/post"}],"author":[{"embeddable":true,"href":"http:\/\/argentinamunicipal.com.ar\/argentina\/wp-json\/wp\/v2\/users\/2"}],"replies":[{"embeddable":true,"href":"http:\/\/argentinamunicipal.com.ar\/argentina\/wp-json\/wp\/v2\/comments?post=146247"}],"version-history":[{"count":0,"href":"http:\/\/argentinamunicipal.com.ar\/argentina\/wp-json\/wp\/v2\/posts\/146247\/revisions"}],"wp:featuredmedia":[{"embeddable":true,"href":"http:\/\/argentinamunicipal.com.ar\/argentina\/wp-json\/wp\/v2\/media\/146248"}],"wp:attachment":[{"href":"http:\/\/argentinamunicipal.com.ar\/argentina\/wp-json\/wp\/v2\/media?parent=146247"}],"wp:term":[{"taxonomy":"category","embeddable":true,"href":"http:\/\/argentinamunicipal.com.ar\/argentina\/wp-json\/wp\/v2\/categories?post=146247"},{"taxonomy":"post_tag","embeddable":true,"href":"http:\/\/argentinamunicipal.com.ar\/argentina\/wp-json\/wp\/v2\/tags?post=146247"}],"curies":[{"name":"wp","href":"https:\/\/api.w.org\/{rel}","templated":true}]}}