{"id":14634,"date":"2014-09-05T09:02:37","date_gmt":"2014-09-05T12:02:37","guid":{"rendered":"http:\/\/argentinamunicipal.com.ar\/argentina\/?p=14634"},"modified":"2015-04-28T16:12:31","modified_gmt":"2015-04-28T19:12:31","slug":"estela-de-carlotto-sera-la-primera-ciudadana-ilustre-de-america-latina","status":"publish","type":"post","link":"http:\/\/argentinamunicipal.com.ar\/argentina\/estela-de-carlotto-sera-la-primera-ciudadana-ilustre-de-america-latina\/","title":{"rendered":"Estela de Carlotto ser\u00e1 la primera \u00abCiudadana ilustre de Am\u00e9rica Latina\u00bb"},"content":{"rendered":"<p><a href=\"http:\/\/argentinamunicipal.com.ar\/argentina\/wp-content\/uploads\/2014\/09\/estela-de-carlotto-abuela.jpg\"><img loading=\"lazy\" decoding=\"async\" class=\"aligncenter size-full wp-image-14635\" src=\"http:\/\/argentinamunicipal.com.ar\/argentina\/wp-content\/uploads\/2014\/09\/estela-de-carlotto-abuela.jpg\" alt=\"estela-de-carlotto-abuela\" width=\"640\" height=\"359\" srcset=\"http:\/\/argentinamunicipal.com.ar\/argentina\/wp-content\/uploads\/2014\/09\/estela-de-carlotto-abuela.jpg 640w, http:\/\/argentinamunicipal.com.ar\/argentina\/wp-content\/uploads\/2014\/09\/estela-de-carlotto-abuela-300x168.jpg 300w\" sizes=\"auto, (max-width: 640px) 100vw, 640px\" \/><\/a><br \/>\nLa resoluci\u00f3n un\u00e1nime que adopt\u00f3 este mi\u00e9rcoles el Comit\u00e9 de Representantes del organismo regional decidi\u00f3 laurear a Carlotto \u00aben reconocimiento a su perseverante tarea en la promoci\u00f3n y el respeto irrestricto de los Derechos Humanos as\u00ed como a su permanente lucha por la Memoria, Verdad y Justicia\u00bb.<\/p>\n<p>La distinci\u00f3n ser\u00e1 entregada en la sede del organismo en Montevideo durante una sesi\u00f3n extraordinaria con fecha a confirmar, establece la resoluci\u00f3n de Aladi.<\/p>\n<p>\u00abEsta distinci\u00f3n constituye un reconocimiento justo y necesario para una mujer que nos ense\u00f1\u00f3 a todos los latinoamericanos el verdadero significado de la palabra Justicia\u00bb, asegur\u00f3 Abal Medina en di\u00e1logo con T\u00e9lam.<\/p>\n<p>Abal Medina, tambi\u00e9n embajador del pa\u00eds ante Mercosur, describi\u00f3 a Carlotto como \u00abuna maestra que hizo de la tragedia esperanza y del dolor amor\u00bb y asegur\u00f3 que se trata de \u00abuna abuela tierna y valiente que durante treinta a\u00f1os busc\u00f3 nietos y a la que un d\u00eda su nieto la encontr\u00f3 a ella\u00bb.<\/p>\n<p>El representante argentino se comunic\u00f3 con Carlotto para comunicarle la resoluci\u00f3n y la presidenta de Abuelas \u00abtrasmiti\u00f3 su alegr\u00eda y agradecimiento a los pa\u00edses miembros\u00bb por la distinci\u00f3n.<\/p>\n<p>Este mi\u00e9rcoles tambi\u00e9n se dio la primera sesi\u00f3n de Aladi tras la reelecci\u00f3n de Carlos \u00abChacho\u00bb Alvarez como secretario general del organismo formado por 13 pa\u00edses latinoamericanos para el per\u00edodo 2014-2017.<\/p>\n<p>Durante su reasunci\u00f3n, Alvarez exhort\u00f3 a los miembros a \u00abestar a la altura de las demandas de la regi\u00f3n\u00bb y pidi\u00f3 \u00abtrabajar juntos\u00bb para lograr la incorporaci\u00f3n de pa\u00edses centroamericanos al organismo.<\/p>\n<p>La Aladi es el organismo decano de la integraci\u00f3n regional, puesto en funcionamiento con el Tratado de Montevideo de 1980, y que en la actualidad est\u00e1 integrado por 13 pa\u00edses: Argentina, Bolivia, Brasil, Chile, Colombia, Cuba, Ecuador, M\u00e9xico, Panam\u00e1, Paraguay, Per\u00fa, Uruguay y Venezuela.<\/p>\n<h6>Fuente: San Luis 24<\/h6>\n","protected":false},"excerpt":{"rendered":"<p>La resoluci\u00f3n un\u00e1nime que adopt\u00f3 este mi\u00e9rcoles el Comit\u00e9 de Representantes del organismo regional decidi\u00f3 laurear a Carlotto \u00aben reconocimiento a su perseverante tarea en la promoci\u00f3n y el respeto irrestricto de los Derechos Humanos as\u00ed como a su permanente lucha por la Memoria, Verdad y Justicia\u00bb. La distinci\u00f3n ser\u00e1 entregada en la sede del<\/p>\n","protected":false},"author":2,"featured_media":14635,"comment_status":"closed","ping_status":"closed","sticky":false,"template":"","format":"standard","meta":{"footnotes":""},"categories":[8],"tags":[21],"class_list":["post-14634","post","type-post","status-publish","format-standard","has-post-thumbnail","hentry","category-informe-nacional","tag-argentina"],"_links":{"self":[{"href":"http:\/\/argentinamunicipal.com.ar\/argentina\/wp-json\/wp\/v2\/posts\/14634","targetHints":{"allow":["GET"]}}],"collection":[{"href":"http:\/\/argentinamunicipal.com.ar\/argentina\/wp-json\/wp\/v2\/posts"}],"about":[{"href":"http:\/\/argentinamunicipal.com.ar\/argentina\/wp-json\/wp\/v2\/types\/post"}],"author":[{"embeddable":true,"href":"http:\/\/argentinamunicipal.com.ar\/argentina\/wp-json\/wp\/v2\/users\/2"}],"replies":[{"embeddable":true,"href":"http:\/\/argentinamunicipal.com.ar\/argentina\/wp-json\/wp\/v2\/comments?post=14634"}],"version-history":[{"count":0,"href":"http:\/\/argentinamunicipal.com.ar\/argentina\/wp-json\/wp\/v2\/posts\/14634\/revisions"}],"wp:featuredmedia":[{"embeddable":true,"href":"http:\/\/argentinamunicipal.com.ar\/argentina\/wp-json\/wp\/v2\/media\/14635"}],"wp:attachment":[{"href":"http:\/\/argentinamunicipal.com.ar\/argentina\/wp-json\/wp\/v2\/media?parent=14634"}],"wp:term":[{"taxonomy":"category","embeddable":true,"href":"http:\/\/argentinamunicipal.com.ar\/argentina\/wp-json\/wp\/v2\/categories?post=14634"},{"taxonomy":"post_tag","embeddable":true,"href":"http:\/\/argentinamunicipal.com.ar\/argentina\/wp-json\/wp\/v2\/tags?post=14634"}],"curies":[{"name":"wp","href":"https:\/\/api.w.org\/{rel}","templated":true}]}}