{"id":146340,"date":"2024-05-03T05:35:22","date_gmt":"2024-05-03T08:35:22","guid":{"rendered":"http:\/\/argentinamunicipal.com.ar\/argentina\/?p=146340"},"modified":"2024-05-02T19:44:04","modified_gmt":"2024-05-02T22:44:04","slug":"empleados-del-correo-argentino-se-movilizaron-por-26-despidos-en-rosario-y-unos-800-en-todo-el-pais","status":"publish","type":"post","link":"http:\/\/argentinamunicipal.com.ar\/argentina\/empleados-del-correo-argentino-se-movilizaron-por-26-despidos-en-rosario-y-unos-800-en-todo-el-pais\/","title":{"rendered":"Empleados del Correo Argentino se movilizaron por 26 despidos en Rosario y unos 800 en todo el pa\u00eds"},"content":{"rendered":"<p>Los sindicatos del sector sostienen que la reducci\u00f3n de la planta de personal, precedida por retiros y cierre de sucursales, es preparatoria de la venta de la empresa. Esa posibilidad, de hecho, est\u00e1 contemplada en la segunda versi\u00f3n de la mega ley Bases que ya tiene media sanci\u00f3n de Diputados<\/p>\n<p>Trabajadores representados por el Sindicato de Correo de Rosario se concentraron en la ma\u00f1ana de este jueves frente a la sede de la empresa estatal, en Buenos Aires al 700, para rechazar la ola de cesant\u00edas iniciada el viernes 26 de abril a lo largo del pa\u00eds, que estiman en 800 y que, en la ciudad, afecta a 26 empleados, en todos los casos \u201csin causa\u201d.<\/p>\n<p>Walter Palombi, secretario general del gremio local, confirm\u00f3 el motivo de la movilizaci\u00f3n y record\u00f3 que las federaciones de los dindicatos de correo acordaron un plan de lucha nacional durante una reuni\u00f3n en la Federaci\u00f3n Nacional de Obreros y Empleados de Correos y Telecomunicaciones (Foecyt) que se realiz\u00f3 el martes \u00faltimo en la ciudad de Buenos Aires.<\/p>\n<p>Los avisos de despido fueron con cursadas luego de implementar un plan de retiros voluntarios, y la sospecha es que ese proceso de \u201creestructuraci\u00f3n\u201d enfocado en la reducci\u00f3n de la planta laboral es preparatorio para la privatizaci\u00f3n de la empresa. De hecho, es una de las que figura en la segunda versi\u00f3n del proyecto de ley Bases que ya tiene media sanci\u00f3n en la C\u00e1mara de Diputados.<\/p>\n<p>El plan de desguace del Estado lleg\u00f3 otra vez a Rosario con 25 despidos sin causa en Correo Argentino<\/p>\n<p>Por eso, Palombi se\u00f1al\u00f3 que la protesta incluye el reclamo de que no se apruebe la mega norma enviada por el Ejecutivo nacional al Congreso, que de ser refrendada rpo el Senado, dijo, llevar\u00eda al \u201cfinal del correo en el Estado, como ocurri\u00f3 en los noventa y los 2000\u201d.<\/p>\n<p>Adem\u00e1s del plan de retiros voluntarios, se sucedieron los cierres de sucursales en diferentes puntos del pa\u00eds. Ahora, llegan las cesant\u00edas a trabajadores contratados y efectivos sin distinci\u00f3n ni contemplaciones, denunciaron desde Foecyt, una de las cuatro confederaciones de trabajadores de correo.<\/p>\n<h6>Fuente: El Ciudadano<\/h6>\n","protected":false},"excerpt":{"rendered":"<p>Los sindicatos del sector sostienen que la reducci\u00f3n de la planta de personal, precedida por retiros y cierre de sucursales, es preparatoria de la venta de la empresa.<\/p>\n","protected":false},"author":2,"featured_media":146341,"comment_status":"closed","ping_status":"closed","sticky":false,"template":"","format":"standard","meta":{"footnotes":""},"categories":[2],"tags":[10],"class_list":["post-146340","post","type-post","status-publish","format-standard","has-post-thumbnail","hentry","category-informe-municipal","tag-santa-fe"],"_links":{"self":[{"href":"http:\/\/argentinamunicipal.com.ar\/argentina\/wp-json\/wp\/v2\/posts\/146340","targetHints":{"allow":["GET"]}}],"collection":[{"href":"http:\/\/argentinamunicipal.com.ar\/argentina\/wp-json\/wp\/v2\/posts"}],"about":[{"href":"http:\/\/argentinamunicipal.com.ar\/argentina\/wp-json\/wp\/v2\/types\/post"}],"author":[{"embeddable":true,"href":"http:\/\/argentinamunicipal.com.ar\/argentina\/wp-json\/wp\/v2\/users\/2"}],"replies":[{"embeddable":true,"href":"http:\/\/argentinamunicipal.com.ar\/argentina\/wp-json\/wp\/v2\/comments?post=146340"}],"version-history":[{"count":0,"href":"http:\/\/argentinamunicipal.com.ar\/argentina\/wp-json\/wp\/v2\/posts\/146340\/revisions"}],"wp:featuredmedia":[{"embeddable":true,"href":"http:\/\/argentinamunicipal.com.ar\/argentina\/wp-json\/wp\/v2\/media\/146341"}],"wp:attachment":[{"href":"http:\/\/argentinamunicipal.com.ar\/argentina\/wp-json\/wp\/v2\/media?parent=146340"}],"wp:term":[{"taxonomy":"category","embeddable":true,"href":"http:\/\/argentinamunicipal.com.ar\/argentina\/wp-json\/wp\/v2\/categories?post=146340"},{"taxonomy":"post_tag","embeddable":true,"href":"http:\/\/argentinamunicipal.com.ar\/argentina\/wp-json\/wp\/v2\/tags?post=146340"}],"curies":[{"name":"wp","href":"https:\/\/api.w.org\/{rel}","templated":true}]}}