{"id":146381,"date":"2024-05-07T05:11:28","date_gmt":"2024-05-07T08:11:28","guid":{"rendered":"http:\/\/argentinamunicipal.com.ar\/argentina\/?p=146381"},"modified":"2024-05-06T19:15:22","modified_gmt":"2024-05-06T22:15:22","slug":"con-tres-nuevas-estaciones-en-guaymallen-bicitran-sumo-750-bicis-para-los-usuarios","status":"publish","type":"post","link":"http:\/\/argentinamunicipal.com.ar\/argentina\/con-tres-nuevas-estaciones-en-guaymallen-bicitran-sumo-750-bicis-para-los-usuarios\/","title":{"rendered":"Con tres nuevas estaciones en Guaymall\u00e9n, Bicitran sum\u00f3 750 bicis para los usuarios"},"content":{"rendered":"<p>El servicio de transporte p\u00fablico Bicitran, que se implement\u00f3 a fines del a\u00f1o pasado, ofrece 65 paradas de bicis para trasladarse en el Gran Mendoza<\/p>\n<p>El\u00a0servicio p\u00fablico de movilidad sustentable Bicitran\u00a0busca instalarse entre las preferencias de los mendocinos para trasladarse en el \u00e1rea metropolitana. De hecho, este 1 de mayo\u00a0el gobernador Alfredo Cornejo destac\u00f3 en su discurso de apertura de sesiones\u00a0ordinarias en la Legislatura provincial que\u00a0\u00abes el segundo sistema del pa\u00eds por cantidad de unidades y tecnolog\u00eda asociada\u00bb.<\/p>\n<p>Hoy quienes m\u00e1s lo utilizan son los estudiantes y turistas que se mueven por el Gran Mendoza. Y para sumar usuarios,\u00a0Bicitran acaba de ampliar sus estaciones\u00a0con tres nuevas paradas en Guaymall\u00e9n.<\/p>\n<p>Guaymall\u00e9n cuenta con tres nuevas estaciones de Bicitran. Se trata de la tercera etapa de este programa de transporte p\u00fablico del Gobierno de Mendoza, que incorpora al\u00a0Hospital Humberto Notti, la\u00a0Municipalidad de Guaymall\u00e9n\u00a0y a la esquina de\u00a0Godoy Cruz y Avellaneda. En total, el departamento m\u00e1s poblado de la provincia tiene ahora\u00a012 puntos de acceso a las bicis.<\/p>\n<p>Con un promedio de\u00a0600 viajes diarios, el sistema de transporte sustentable del Gran Mendoza opera con 65 estaciones distribuidas en Luj\u00e1n de Cuyo, Godoy Cruz, Ciudad, Las Heras y Guaymall\u00e9n. Seg\u00fan el balance de las autoridades del \u00e1rea de Transporte,\u00a0la demanda es creciente, teniendo 60.000 usuarios registrados y m\u00e1s de 140.000 viajes realizados en las 750 bicis que integran el sistema. Y se proyecta instalar 40 paradas en diferentes departamentos m\u00e1s de ac\u00e1 a fin de a\u00f1o.<\/p>\n<p>Cada uno de los puntos donde se encuentran estacionadas las bicis, est\u00e1n se\u00f1alizados en la App de BiciTRAN que adem\u00e1s ofrece el mapeo para llegar a cada estaci\u00f3n y el n\u00famero de unidades disponibles, ya que cada una tiene un GPS y se puede reservar para garantizar el transporte.<\/p>\n<p>El uso de este servicio tiene un valor igual al pasaje de micro urbano, $550 por una hora, y el pago se realiza a trav\u00e9s de la App, ofreciendo tambi\u00e9n abonos a precios m\u00e1s econ\u00f3micos para quienes utilizan con frecuencia este medio de transporte.<\/p>\n<p>Este sistema automatizado de alquiler de bicicletas p\u00fablicas se convierte en una opci\u00f3n de transporte p\u00fablico, accesible y saludable. Con lo cual,\u00a0exige el avance de ciclov\u00edas para garantizar un tr\u00e1nsito seguro a sus usuarios. Es por ello que la Municipalidad de Guaymall\u00e9n lleva adelante un plan de adaptaci\u00f3n de carriles exclusivos para bicis en sus arterias m\u00e1s transitadas. Actualmente\u00a0el departamento tiene unos 40 Km de ciclov\u00eda, m\u00e1s de la mitad fue construida por el municipio y el resto por el\u00a0Unicipio, que tiene proyectados 15.574 metros para un futuro.<\/p>\n<p><strong>El vandalismo enciende alarmas para el Bicitran<\/strong><br \/>\nPara acceder a este medio de transporte, quienes lo deseen solo deben darse de alta en la App, que les permitir\u00e1 conocer el recorrido y abonar el servicio. Las bicis son de quinta generaci\u00f3n, lo que implica que\u00a0toda la tecnolog\u00eda, sea de seguridad, monitoreo o comunicaciones, se encuentra dentro del mismo veh\u00edculo.<\/p>\n<p>As\u00ed y todo,\u00a0el servicio no est\u00e1 exento del vandalismo. Hace un mes robaron las ruedas de una bici que intentaron vender por internet, y esta semana\u00a0desarmaron dos bicis para extraerles el GPS y luego dejarlas abandonadas en Las Heras.<\/p>\n<p>Lo curioso es que, al disponer de un sistema informatizado, el usuario debe identificarse a trav\u00e9s de la App al momento de intentar utilizarla.\u00a0Cada veh\u00edculo posee una numeraci\u00f3n y un GPS que permite su monitoreo, no solo para controlar los viajes, sino tambi\u00e9n justamente para evitar robos o da\u00f1os.<\/p>\n<p>As\u00ed las cosas, Bicitran lleva un registro de qui\u00e9n y durante cu\u00e1nto tiempo usa cada bici -adem\u00e1s de su recorrido- y por ende, la persona que utiliz\u00f3 por \u00faltima vez cada bici queda registrada y puede ser objeto de denuncia para hacerse cargo de los da\u00f1os ocasionados. El r\u00e9gimen de sanciones establecido por ley para quienes no devuelvan los rodados en condiciones, los robe o los destruya, supera los $200.000.<\/p>\n<p>Hasta el momento, el Ministerio de Seguridad lo considera como hechos aislados, sin embargo\u00a0dise\u00f1aron un plan estrat\u00e9gico para reforzar el cuidado de las bicis en puntos clave del Gran Mendoza.<\/p>\n<p>Desde la cartera de Seguridad provincial anticiparon que reforzar\u00e1n \u00ablas zonas de influencia con m\u00e1s presencia de polic\u00eda din\u00e1mica\u00bb, esto es, agentes en movimiento ya que \u00abno podemos poner un polic\u00eda al lado de cada bici\u00bb.\u00a0Se fortalecer\u00e1n con custodia policial los paradores, sobre todo en las ciclov\u00edas m\u00e1s concurridas\u00a0como la de Chacras de Coria, Las Heras y Ciudad.<\/p>\n<p><strong>M\u00e1s de la mitad de quienes usan las bicis son mujeres<\/strong><br \/>\nUn dato que destaca el balance del sistema en sus primeros 8 meses de existencia es que\u00a0el 52% de quienes utilizan Bicitran son mujeres. Y siguiendo esta l\u00ednea, el municipio de Guaymall\u00e9n mostr\u00f3 las nuevas estaciones de las bicis p\u00fablicas junto al intendente Marcos Calvente y las representantes vendimiales Angelina Franco, Dana Quiroga y Melanie S\u00e1nchez.<\/p>\n<p>Por otro lado, la meta que se propuso el ministro Natalio Mema para su \u00e1rea de Transporte\u00a0es cerrar el a\u00f1o con 100 estaciones plenamente operativas. Esto confirma la intenci\u00f3n del Gobierno provincial de potenciar este medio de transporte sustentable, propiciando el crecimiento de la comunidad cicl\u00edstica mendocina.<\/p>\n<p>Adem\u00e1s, el Centro de Monitoreo de Bicitran se encuentra activo las 24 horas, tanto para asistir usuarios en caso de problemas o inconvenientes con la bici como para monitorear su estado actual y ubicaci\u00f3n.<\/p>\n<h6>Fuetne: Uno<\/h6>\n","protected":false},"excerpt":{"rendered":"<p>El servicio de transporte p\u00fablico Bicitran, que se implement\u00f3 a fines del a\u00f1o pasado, ofrece 65 paradas de bicis para trasladarse en el Gran Mendoza<\/p>\n","protected":false},"author":2,"featured_media":146382,"comment_status":"closed","ping_status":"closed","sticky":false,"template":"","format":"standard","meta":{"footnotes":""},"categories":[2],"tags":[31],"class_list":["post-146381","post","type-post","status-publish","format-standard","has-post-thumbnail","hentry","category-informe-municipal","tag-mendoza"],"_links":{"self":[{"href":"http:\/\/argentinamunicipal.com.ar\/argentina\/wp-json\/wp\/v2\/posts\/146381","targetHints":{"allow":["GET"]}}],"collection":[{"href":"http:\/\/argentinamunicipal.com.ar\/argentina\/wp-json\/wp\/v2\/posts"}],"about":[{"href":"http:\/\/argentinamunicipal.com.ar\/argentina\/wp-json\/wp\/v2\/types\/post"}],"author":[{"embeddable":true,"href":"http:\/\/argentinamunicipal.com.ar\/argentina\/wp-json\/wp\/v2\/users\/2"}],"replies":[{"embeddable":true,"href":"http:\/\/argentinamunicipal.com.ar\/argentina\/wp-json\/wp\/v2\/comments?post=146381"}],"version-history":[{"count":0,"href":"http:\/\/argentinamunicipal.com.ar\/argentina\/wp-json\/wp\/v2\/posts\/146381\/revisions"}],"wp:featuredmedia":[{"embeddable":true,"href":"http:\/\/argentinamunicipal.com.ar\/argentina\/wp-json\/wp\/v2\/media\/146382"}],"wp:attachment":[{"href":"http:\/\/argentinamunicipal.com.ar\/argentina\/wp-json\/wp\/v2\/media?parent=146381"}],"wp:term":[{"taxonomy":"category","embeddable":true,"href":"http:\/\/argentinamunicipal.com.ar\/argentina\/wp-json\/wp\/v2\/categories?post=146381"},{"taxonomy":"post_tag","embeddable":true,"href":"http:\/\/argentinamunicipal.com.ar\/argentina\/wp-json\/wp\/v2\/tags?post=146381"}],"curies":[{"name":"wp","href":"https:\/\/api.w.org\/{rel}","templated":true}]}}