{"id":146387,"date":"2024-05-07T05:45:46","date_gmt":"2024-05-07T08:45:46","guid":{"rendered":"http:\/\/argentinamunicipal.com.ar\/argentina\/?p=146387"},"modified":"2024-05-06T19:22:23","modified_gmt":"2024-05-06T22:22:23","slug":"funes-proyectan-5-000-puestos-laborales-nuevos-para-los-proximos-dos-anos","status":"publish","type":"post","link":"http:\/\/argentinamunicipal.com.ar\/argentina\/funes-proyectan-5-000-puestos-laborales-nuevos-para-los-proximos-dos-anos\/","title":{"rendered":"Funes: proyectan 5.000 puestos laborales nuevos para los pr\u00f3ximos dos a\u00f1os"},"content":{"rendered":"<p>Se espera que la apertura de Ciudad Industria genere empleo en el mediano plazo en la vecina localidad<\/p>\n<p>El crecimiento comercial de Funes fue impresionante, transformando su esfera urbana y atrayendo trabajadores de toda la regi\u00f3n. Con un aumento del 450% en establecimientos en solo cuatro a\u00f1os, la demanda de empleo alcanz\u00f3 niveles sin precedentes. Seg\u00fan Luis Dolce, subsecretario de Empleo e Innovaci\u00f3n Laboral de la Provincia de Santa Fe, se espera que la apertura de Ciudad Industria genere m\u00e1s de 5.000 nuevos puestos de trabajo en los pr\u00f3ximos dos a\u00f1os, tal public\u00f3\u00a0Infofunes.<\/p>\n<p>Este crecimiento se logr\u00f3 gracias al respaldo a los inversores y a la implementaci\u00f3n de reglas claras para los empresarios, lo que cre\u00f3 un clima favorable para el desarrollo econ\u00f3mico. Adem\u00e1s, la construcci\u00f3n de nuevas \u00e1reas centrales y el proyecto de Ciudad Industrial est\u00e1n canalizando la demanda de empleo, especialmente en roles especializados.<\/p>\n<p>Sin embargo, el desaf\u00edo actual radica en fortalecer la empleabilidad de la fuerza laboral, proporcionando herramientas y oportunidades para el desarrollo personal y profesional. Seg\u00fan Dolce, el enfoque en la empleabilidad va m\u00e1s all\u00e1 de la formaci\u00f3n acad\u00e9mica, implicando la combinaci\u00f3n de habilidades, conocimientos y actitudes, as\u00ed como la creaci\u00f3n de s\u00f3lidas redes de trabajo.<\/p>\n<p>\u201cEste \u00e9xito no solo se refleja en las estad\u00edsticas de creaci\u00f3n de empleo, sino tambi\u00e9n en el\u00a0fortalecimiento de la comunidad y en la promoci\u00f3n de un ambiente laboral din\u00e1mico y pr\u00f3spero\u201c, cerr\u00f3<\/p>\n<h6>Fuente: El Ciudadano<\/h6>\n","protected":false},"excerpt":{"rendered":"<p>El crecimiento comercial de Funes fue impresionante, transformando su esfera urbana y atrayendo trabajadores de toda la regi\u00f3n. Con un aumento del 450% en establecimientos en solo cuatro a\u00f1os, la demanda de empleo alcanz\u00f3 niveles sin precedentes.<\/p>\n","protected":false},"author":2,"featured_media":146388,"comment_status":"closed","ping_status":"closed","sticky":false,"template":"","format":"standard","meta":{"footnotes":""},"categories":[2],"tags":[10],"class_list":["post-146387","post","type-post","status-publish","format-standard","has-post-thumbnail","hentry","category-informe-municipal","tag-santa-fe"],"_links":{"self":[{"href":"http:\/\/argentinamunicipal.com.ar\/argentina\/wp-json\/wp\/v2\/posts\/146387","targetHints":{"allow":["GET"]}}],"collection":[{"href":"http:\/\/argentinamunicipal.com.ar\/argentina\/wp-json\/wp\/v2\/posts"}],"about":[{"href":"http:\/\/argentinamunicipal.com.ar\/argentina\/wp-json\/wp\/v2\/types\/post"}],"author":[{"embeddable":true,"href":"http:\/\/argentinamunicipal.com.ar\/argentina\/wp-json\/wp\/v2\/users\/2"}],"replies":[{"embeddable":true,"href":"http:\/\/argentinamunicipal.com.ar\/argentina\/wp-json\/wp\/v2\/comments?post=146387"}],"version-history":[{"count":0,"href":"http:\/\/argentinamunicipal.com.ar\/argentina\/wp-json\/wp\/v2\/posts\/146387\/revisions"}],"wp:featuredmedia":[{"embeddable":true,"href":"http:\/\/argentinamunicipal.com.ar\/argentina\/wp-json\/wp\/v2\/media\/146388"}],"wp:attachment":[{"href":"http:\/\/argentinamunicipal.com.ar\/argentina\/wp-json\/wp\/v2\/media?parent=146387"}],"wp:term":[{"taxonomy":"category","embeddable":true,"href":"http:\/\/argentinamunicipal.com.ar\/argentina\/wp-json\/wp\/v2\/categories?post=146387"},{"taxonomy":"post_tag","embeddable":true,"href":"http:\/\/argentinamunicipal.com.ar\/argentina\/wp-json\/wp\/v2\/tags?post=146387"}],"curies":[{"name":"wp","href":"https:\/\/api.w.org\/{rel}","templated":true}]}}