{"id":146396,"date":"2024-05-07T05:36:03","date_gmt":"2024-05-07T08:36:03","guid":{"rendered":"http:\/\/argentinamunicipal.com.ar\/argentina\/?p=146396"},"modified":"2024-05-06T19:40:02","modified_gmt":"2024-05-06T22:40:02","slug":"como-impactan-en-argentina-las-graves-inundaciones-del-sur-de-brasil","status":"publish","type":"post","link":"http:\/\/argentinamunicipal.com.ar\/argentina\/como-impactan-en-argentina-las-graves-inundaciones-del-sur-de-brasil\/","title":{"rendered":"C\u00f3mo impactan en Argentina las graves inundaciones del sur de Brasil"},"content":{"rendered":"<p>Se registra una importante crecida del r\u00edo Uruguay y hay ciudades entrerrianas, misioneras y correntinas con evacuados y en alerta.<\/p>\n<p>El estado brasile\u00f1o de R\u00edo Grande do Sul atraviesa una de las mayores cat\u00e1strofes clim\u00e1ticas de su historia con inundaciones que afectan a unos 341 municipios, entre ellos a Porto Alegre, la ciudad capital estatal. Hasta este domingo se registraban 78 personas fallecidas y m\u00e1s de 100 desaparecidos.<\/p>\n<p>Gustavo Villa Ur\u00eda, ingeniero en Recursos H\u00eddricos, dialog\u00f3 con El Litoral y coment\u00f3 los detalles de esta devastadora inundaci\u00f3n y cu\u00e1l es la repercusi\u00f3n que tiene en Argentina, sobre todo en la costa del r\u00edo Uruguay.<\/p>\n<p>\u201cEl origen se debe a un bloqueo de los frentes fr\u00edos que no pudieron avanzar m\u00e1s y quedaron estacionados en una zona que abarc\u00f3 esencialmente el estado de R\u00edo Grande do Sul. Esa situaci\u00f3n gener\u00f3 lluvias muy por encima de valores normales, inclusive en algunos lugares duplic\u00f3 el nivel de lluvias mensuales y en otros lleg\u00f3 casi al valor de lluvia anual, en solo unos cuatro d\u00edas\u201d, coment\u00f3 Villa Ur\u00eda.<\/p>\n<p>Las precipitaciones, por encima de valores medios, generaron desborde de r\u00edos, lagunas, destruyeron carreteras y puentes en varias zonas. Al mismo tiempo provocaron corrimientos de tierras y el derrumbamiento parcial de una represa en una peque\u00f1a central hidroel\u00e9ctrica (llamada \u201c14 de Julio\u201d y que pertenece a la Cuenca del Atl\u00e1ntico). Tambi\u00e9n se afectaron represas de riego y de abastecimiento de agua potable para la poblaci\u00f3n.<\/p>\n<p>En este sentido, toda la zona de sierras de R\u00edo Grande do Sul sufri\u00f3 estas lluvias catastr\u00f3ficas, de las que no se ten\u00eda registro desde 1941. Al consultar al especialista hacia d\u00f3nde escurre esta gran cantidad de agua, explic\u00f3 que \u201cpor el r\u00edo Gua\u00edba sale hacia la laguna Dos Patos y eso luego va hacia el Atl\u00e1ntico\u201d.<\/p>\n<p><strong>\u00a0R\u00edo Uruguay<\/strong><br \/>\nSi bien gran parte del agua de estas inundaciones corresponde a la Cuenca del Atl\u00e1ntico, el evento clim\u00e1tico de importantes lluvias afecta a la regi\u00f3n de todo el sur brasile\u00f1o, parte de Paraguay y el noreste argentino.<\/p>\n<p>\u201cEl r\u00edo Uruguay en el tramo misionero-brasile\u00f1o no sufri\u00f3 aportes importantes porque depende del estado de Santa Catarina donde llovi\u00f3 poco. S\u00ed en el tramo correntino-brasile\u00f1o y uruguayo-argentino llovi\u00f3 bastante m\u00e1s. En Paso de los Libres est\u00e1n cerca del nivel de evacuaci\u00f3n y todo r\u00edo abajo tambi\u00e9n va a estar en niveles de evacuaci\u00f3n\u201d, mencion\u00f3 el ingeniero en Recursos H\u00eddricos. Al mismo tiempo se\u00f1al\u00f3 que \u201cel r\u00edo Cuareim, que sirve de l\u00edmite entre Brasil y Uruguay, recibi\u00f3 parte de los aportes de las inundaciones y lo lleva hacia el r\u00edo Uruguay\u201d.<\/p>\n<p>Por este motivo, en varias ciudades costeras del r\u00edo Uruguay ya hay evacuados y en otras los gobiernos locales ya tomaron medidas y est\u00e1n en alerta por posibles inundaciones. Por ejemplo en las localidades entrerrianas de Concordia (ya hay evacuados), Col\u00f3n y Concepci\u00f3n del Uruguay el agua est\u00e1 en nivel de alerta; mientras que en ciudades correntinas como Santo Tom\u00e9 y Garruchos ya hay vecinos evacuados.<\/p>\n<p><strong>El Iguaz\u00fa<\/strong><br \/>\nPara conocer el impacto que tendr\u00e1 la crecida en la ciudad de Santa Fe y el tramo medio del r\u00edo Paran\u00e1, el r\u00edo Iguaz\u00fa es el que se mira de reojo. Si bien tuvo un pico de crecida en los \u00faltimos d\u00edas pasando de 8 a 14 metros durante el fin de semana, no tendr\u00e1 importante repercusi\u00f3n sobre los ciudades costeras del r\u00edo Paran\u00e1.<\/p>\n<p>Villa Ur\u00eda mencion\u00f3 al respecto que el pico ya pas\u00f3 en el d\u00eda de ayer (domingo). \u201cPor ahora no trae inconvenientes, si bien las lluvias est\u00e1n previstas hasta el mi\u00e9rcoles, son menores\u201d, sostuvo y agreg\u00f3 que \u201cen Santa Fe va a pasar desapercibido y no vamos a tener una situaci\u00f3n significativa. Tengamos en cuenta que del r\u00edo Iguaz\u00fa al r\u00edo Paran\u00e1 el aporte pas\u00f3 de 10.000 a 12.000 m\u00b3\/seg. es un 20% de incremento y eso no genera aportes significativos a nuestra zona (sur del litoral)\u201d.<\/p>\n<p>En esta l\u00ednea remarc\u00f3 que este leve aporte que se podr\u00eda recibir en las pr\u00f3ximas semanas, \u201cno cambia el escenario de aguas bajas del Paran\u00e1, ya que estas lluvias normalmente se distribuyen en toda la Cuenca del Plata, sin embargo el frente estuvo estacionado durante varios d\u00edas en un mismo lugar (R\u00edo Grande do Sul) cuando normalmente se tendr\u00eda que haber distribuido y tra\u00eddo parte de aportes a la cuenca del Iguaz\u00fa, Paran\u00e1 y dem\u00e1s\u201d.<\/p>\n<p>Por el momento, el Puerto Santa Fe en su \u00faltimo registro hidrom\u00e9trico midi\u00f3 este lunes 3,10 metros, y contin\u00faa su tendencia en ascenso, que se inici\u00f3 de forma escalonada desde las \u00faltimas semanas de abril.<\/p>\n<h6>Fuente: El Litoral<\/h6>\n","protected":false},"excerpt":{"rendered":"<p>Se registra una importante crecida del r\u00edo Uruguay y hay ciudades entrerrianas, misioneras y correntinas con evacuados y en alerta.<\/p>\n","protected":false},"author":2,"featured_media":146397,"comment_status":"closed","ping_status":"closed","sticky":false,"template":"","format":"standard","meta":{"footnotes":""},"categories":[2],"tags":[21],"class_list":["post-146396","post","type-post","status-publish","format-standard","has-post-thumbnail","hentry","category-informe-municipal","tag-argentina"],"_links":{"self":[{"href":"http:\/\/argentinamunicipal.com.ar\/argentina\/wp-json\/wp\/v2\/posts\/146396","targetHints":{"allow":["GET"]}}],"collection":[{"href":"http:\/\/argentinamunicipal.com.ar\/argentina\/wp-json\/wp\/v2\/posts"}],"about":[{"href":"http:\/\/argentinamunicipal.com.ar\/argentina\/wp-json\/wp\/v2\/types\/post"}],"author":[{"embeddable":true,"href":"http:\/\/argentinamunicipal.com.ar\/argentina\/wp-json\/wp\/v2\/users\/2"}],"replies":[{"embeddable":true,"href":"http:\/\/argentinamunicipal.com.ar\/argentina\/wp-json\/wp\/v2\/comments?post=146396"}],"version-history":[{"count":0,"href":"http:\/\/argentinamunicipal.com.ar\/argentina\/wp-json\/wp\/v2\/posts\/146396\/revisions"}],"wp:featuredmedia":[{"embeddable":true,"href":"http:\/\/argentinamunicipal.com.ar\/argentina\/wp-json\/wp\/v2\/media\/146397"}],"wp:attachment":[{"href":"http:\/\/argentinamunicipal.com.ar\/argentina\/wp-json\/wp\/v2\/media?parent=146396"}],"wp:term":[{"taxonomy":"category","embeddable":true,"href":"http:\/\/argentinamunicipal.com.ar\/argentina\/wp-json\/wp\/v2\/categories?post=146396"},{"taxonomy":"post_tag","embeddable":true,"href":"http:\/\/argentinamunicipal.com.ar\/argentina\/wp-json\/wp\/v2\/tags?post=146396"}],"curies":[{"name":"wp","href":"https:\/\/api.w.org\/{rel}","templated":true}]}}