{"id":146399,"date":"2024-05-07T05:41:27","date_gmt":"2024-05-07T08:41:27","guid":{"rendered":"http:\/\/argentinamunicipal.com.ar\/argentina\/?p=146399"},"modified":"2024-05-06T19:44:25","modified_gmt":"2024-05-06T22:44:25","slug":"el-concejo-de-santa-fe-derogo-la-ordenanza-que-regulaba-a-los-trapitos-y-prohibio-la-actividad-como-sera-el-control","status":"publish","type":"post","link":"http:\/\/argentinamunicipal.com.ar\/argentina\/el-concejo-de-santa-fe-derogo-la-ordenanza-que-regulaba-a-los-trapitos-y-prohibio-la-actividad-como-sera-el-control\/","title":{"rendered":"El Concejo de Santa Fe derog\u00f3 la ordenanza que regulaba a los trapitos y prohibi\u00f3 la actividad: c\u00f3mo ser\u00e1 el control"},"content":{"rendered":"<p>Ahora pasar\u00e1 a ser una contravenci\u00f3n. Hubo dos abstenciones y dos votos negativos, criticando el \u00abcambio de opini\u00f3n\u00bb del municipio, tras la fallida implementaci\u00f3n del Estacionamiento Social Asistido (ESA).<\/p>\n<p>En la sesi\u00f3n de este lunes, el Concejo Municipal aprob\u00f3 una ordenanza que\u00a0proh\u00edbe la actividad\u00a0de cuidado y\/o limpieza de veh\u00edculos en la v\u00eda p\u00fablica,\u00a0ejercida por los \u00abtrapitos\u00bb. Dicha norma deroga la ordenanza anterior, del a\u00f1o 2019, que establec\u00eda la creaci\u00f3n de un registro de cuidadores de veh\u00edculos y una credencial, que nunca lleg\u00f3 a realizarse.<\/p>\n<p>En el mensaje enviado al cuerpo legislativo, el Departamento Ejecutivo Municipal manifiesta que \u201cla Municipalidad de la ciudad de Santa Fe no puede permitir la apropiaci\u00f3n ilegal del espacio p\u00fablico, es por ello que mediante el proyecto de Ordenanza que se acompa\u00f1a al presente se propicia la prohibici\u00f3n de la actividad de \u2018cuidacoches\u2019 y\/o de \u2018lavado de autos\u2019 en toda la ciudad\u201d. Adem\u00e1s, manifiesta que \u201ces prioridad ordenar y pacificar la ciudad, siendo esta medida fundamental para lograr dicho cometido\u201d.<\/p>\n<p>A instancias del concejal Carlos Su\u00e1rez, se incorpor\u00f3 un art\u00edculo a la ordenanza, el cual establece que \u201cquienes en contravenci\u00f3n a lo establecido precedentemente lleven adelante la actividad, sin perjuicio de las sanciones municipales y cuando sus conductas encuadren en sus previsiones, ser\u00e1n pasible del r\u00e9gimen sancionatorio previsto en las leyes provinciales N\u00ba 10.703, N\u00ba 13.744 y concordantes\u201d.<\/p>\n<p><strong>C\u00f3mo ser\u00e1 el control<\/strong><br \/>\nEn la pr\u00e1ctica, si un inspector encuentra a un cuidacoches ejerciendo la actividad,\u00a0deber\u00e1 acercarse y manifestarle que no puede realizarla porque est\u00e1 prohibida. Si contin\u00faa, el inspector, acompa\u00f1ado de personal policial, puede detener a la persona.\u00a0Si adem\u00e1s esa persona est\u00e1 ebria, por ejemplo, es pasible de que se le aplique el C\u00f3digo de Faltas\/Convivencia provincial.<\/p>\n<p>Con respecto a los cuidacoches que iban a estar contemplados en el\u00a0Estacionamiento Social Asistido (ESA), fuentes de relevancia del ejecutivo municipal indicaron a UNO Santa Fe que \u00abse trataba de un grupo muy reducido, de darle una posibilidad de inserci\u00f3n con capacitaciones y un programa que era mucho m\u00e1s amplio. No se consensu\u00f3, el barrio no lo quiso, as\u00ed que damos vuelta la p\u00e1gina\u00bb.<\/p>\n<p>En cuanto a lo que pasar\u00e1 ahora con esas personas, desde la Municipalidad dijeron a este medio:\u00a0\u00abLa vamos a rescatar con otros programas que no ser\u00e1 el ESA, ser\u00e1 otra cosa.\u00a0La actividad en el centro de la ciudad y en el resto de la ciudad tiene que estar prohibida, despu\u00e9s habr\u00e1 pol\u00edticas sociales, capacitaci\u00f3n, programas provinciales\u00bb<\/p>\n<p><strong>La voz de los concejales<\/strong><br \/>\nLa presidenta del Concejo, Adriana Molina, indic\u00f3 que \u201cahora el Ejecutivo tiene las herramientas para tratar este tema, y creo que\u00a0es fundamental que se tengan en cuenta las distintas realidades sociales, de salud y legales de cada uno de ellos\u201d.<\/p>\n<p>Por su parte el edil Carlos Su\u00e1rez consider\u00f3 que \u00abla ordenanza de 2019 normativiz\u00f3, de manera equivocada, la actividad de los cuidacoches. Esto deb\u00eda ser una actividad prohibida, que se deb\u00eda hacer un abordaje social del tema pero que no iba a aparecer la soluci\u00f3n normativiz\u00e1ndolo. La situaci\u00f3n econ\u00f3mica que nos toca atravesar como pa\u00eds no es una excusa para no abordar ciertos problemas.\u00a0Si est\u00e1s gestionando ten\u00e9s que trabajar en torno al problema, no mirar para otro lado\u201d.<\/p>\n<p>\u201cLa prohibici\u00f3n es con una mano justa.\u00a0Es prohibir para abordar el tema con pol\u00edticas sociales y educativas. Es un tema que tiene m\u00faltiples aristas y es un desaf\u00edo a la hora de abordarlo. Es una discusi\u00f3n pensar qu\u00e9 espacio p\u00fablico queremos. Debe haber un estado justo que acompa\u00f1e a las personas que lo necesiten y que aparte a los que est\u00e1n vinculados con el delito\u201d, dijo a su turno Leandro Gonz\u00e1lez.<\/p>\n<p><strong>Abstenciones<\/strong><br \/>\nEl Bloque Partido Justicialista, que conforman los concejales Jorge Fern\u00e1ndez y Jorgelina Mudallel, se abstuvo de votar la iniciativa.<\/p>\n<p>Fern\u00e1ndez declar\u00f3 que \u201cEl Municipio est\u00e1 dando vueltas hace tiempo con el tema de los trapitos\u00bb, y que \u00ablo \u00fanico que se plantea es la prohibici\u00f3n de la actividad de los cuidacoches, y la prohibici\u00f3n, un poco ambigua, del lavado de veh\u00edculos en la v\u00eda p\u00fablica\u00bb.<\/p>\n<p>\u00abLo que nos preguntamos es si la prohibici\u00f3n es para algunos colectivos de personas en particular o para todo el mundo\u201d, subray\u00f3 el edil.<\/p>\n<p>A su turno, Mudallel critic\u00f3 que \u201cno existe letra chica y el mensaje s\u00f3lo plantea la prohibici\u00f3n de los cuidacoches y de lavar los autos en la v\u00eda p\u00fablica, o sea que est\u00e1 mal escrito porque eso aplica a toda la ciudadan\u00eda\u00bb.<\/p>\n<p>\u00abCreemos que debe haber una alternativa porque, si se proh\u00edbe una actividad, deben arbitrarse los medios para controlar esa prohibici\u00f3n, para saber qu\u00e9 se va a hacer y eso no est\u00e1 claro.\u00a0No nos parece responsable votar afirmativamente esta ordenanza porque nos parece una tomada de pelo\u201d, enfatiz\u00f3.<\/p>\n<p><strong>Voto negativo<\/strong><br \/>\nEl concejal Sa\u00fal Perman vot\u00f3 de forma negativa, y declar\u00f3 que\u00a0\u201cllama la atenci\u00f3n que, en el t\u00e9rmino de pocos d\u00edas, el municipio haya cambiado de perspectiva sobre la tem\u00e1tica, adoptando esta actitud tan tajante, m\u00e1s all\u00e1 de que no tiene la competencia de controlar esto. El objetivo de este mensaje es la pacificaci\u00f3n y es imposible con exclusi\u00f3n\u201d.<\/p>\n<p>Por su parte Violeta Quiroz, en el mismo sentido que Perman, asegur\u00f3 estar \u00absorprendida\u00bb por \u00ablos cambios de opini\u00f3n tan r\u00e1pido que tiene el Ejecutivo en este tema\u00bb.<\/p>\n<p>\u00abPrimero, propusieron la legalizaci\u00f3n de la actividad con el Estacionamiento Social Asistido, y ahora se habla de la prohibici\u00f3n; dos cosas opuestas.\u00a0Creo que la soluci\u00f3n est\u00e1 en estudiar cada caso particular de estas personas porque no son todos iguales, y menos en esta situaci\u00f3n de crisis que est\u00e1 viviendo el pa\u00eds, donde muchos son sost\u00e9n de familia. No podemos tomar semejante decisi\u00f3n, hay que hacer un abordaje social e incluirlos en el sistema\u201d, concluy\u00f3.<\/p>\n<h6>Fuente: El Litoral<\/h6>\n","protected":false},"excerpt":{"rendered":"<p>Ahora pasar\u00e1 a ser una contravenci\u00f3n. Hubo dos abstenciones y dos votos negativos, criticando el \u00abcambio de opini\u00f3n\u00bb del municipio, tras la fallida implementaci\u00f3n del Estacionamiento Social Asistido (ESA).<\/p>\n","protected":false},"author":2,"featured_media":146400,"comment_status":"closed","ping_status":"closed","sticky":false,"template":"","format":"standard","meta":{"footnotes":""},"categories":[2],"tags":[10],"class_list":["post-146399","post","type-post","status-publish","format-standard","has-post-thumbnail","hentry","category-informe-municipal","tag-santa-fe"],"_links":{"self":[{"href":"http:\/\/argentinamunicipal.com.ar\/argentina\/wp-json\/wp\/v2\/posts\/146399","targetHints":{"allow":["GET"]}}],"collection":[{"href":"http:\/\/argentinamunicipal.com.ar\/argentina\/wp-json\/wp\/v2\/posts"}],"about":[{"href":"http:\/\/argentinamunicipal.com.ar\/argentina\/wp-json\/wp\/v2\/types\/post"}],"author":[{"embeddable":true,"href":"http:\/\/argentinamunicipal.com.ar\/argentina\/wp-json\/wp\/v2\/users\/2"}],"replies":[{"embeddable":true,"href":"http:\/\/argentinamunicipal.com.ar\/argentina\/wp-json\/wp\/v2\/comments?post=146399"}],"version-history":[{"count":0,"href":"http:\/\/argentinamunicipal.com.ar\/argentina\/wp-json\/wp\/v2\/posts\/146399\/revisions"}],"wp:featuredmedia":[{"embeddable":true,"href":"http:\/\/argentinamunicipal.com.ar\/argentina\/wp-json\/wp\/v2\/media\/146400"}],"wp:attachment":[{"href":"http:\/\/argentinamunicipal.com.ar\/argentina\/wp-json\/wp\/v2\/media?parent=146399"}],"wp:term":[{"taxonomy":"category","embeddable":true,"href":"http:\/\/argentinamunicipal.com.ar\/argentina\/wp-json\/wp\/v2\/categories?post=146399"},{"taxonomy":"post_tag","embeddable":true,"href":"http:\/\/argentinamunicipal.com.ar\/argentina\/wp-json\/wp\/v2\/tags?post=146399"}],"curies":[{"name":"wp","href":"https:\/\/api.w.org\/{rel}","templated":true}]}}