{"id":146423,"date":"2024-05-07T18:34:14","date_gmt":"2024-05-07T21:34:14","guid":{"rendered":"http:\/\/argentinamunicipal.com.ar\/argentina\/?p=146423"},"modified":"2024-05-07T18:34:14","modified_gmt":"2024-05-07T21:34:14","slug":"el-miercoles-se-abre-la-tranquera-de-la-43-fiesta-nacional-de-la-ganaderia-en-alvear","status":"publish","type":"post","link":"http:\/\/argentinamunicipal.com.ar\/argentina\/el-miercoles-se-abre-la-tranquera-de-la-43-fiesta-nacional-de-la-ganaderia-en-alvear\/","title":{"rendered":"El mi\u00e9rcoles se abre la tranquera de la 43\u00b0 Fiesta Nacional de la Ganader\u00eda en Alvear"},"content":{"rendered":"<p>La cuenta regresiva est\u00e1 corriendo. El mi\u00e9rcoles a las 20 General Alvear abrir\u00e1 la tranquera de la 43 edici\u00f3n de la Fiesta Nacional de la Ganader\u00eda de Zonas \u00c1ridas.<\/p>\n<p>Cuatro noches de Pe\u00f1a con un artistario de gran nivel, los costillares m\u00e1s famosos del pa\u00eds como plato fuerte, en el marco de un Almuerzo Tradicional que congregar\u00e1 a figuras pol\u00edticas y de organizaciones rurales y empresarias del \u00e1mbito local, provincial y nacional. Una gran expo comercial, industrial y artesanal, con m\u00e1s de 300 stands y el gran broche de oro con un festival ecuestre \u00fanico.<\/p>\n<p>Adem\u00e1s, una feria ganadera que reunir\u00e1, una vez m\u00e1s, a compradores de toda la argentina Son solo algunas de las m\u00faltiples propuestas que se desarrollar\u00e1n en el predio ferial de la C\u00e1mara de Comercio alvearense, entre el 8 y el 12 de mayo. \u00abEstamos en un momento muy particular en el pa\u00eds, y mientras otras fiestas organizadas desde el Estado no se pudieron llevar a cabo, nosotros, como entidad privada, emprendimos un desaf\u00edo m\u00e1s que importante y decidimos llevar adelante esta gran fiesta.<\/p>\n<p>Optimizamos al m\u00e1ximo los costos pero sin resignar la calidad de evento al que estamos acostumbrados\u00bb, coment\u00f3 Ramiro Labay, presidente de la C\u00e1mara de Comercio de Alvear. \u00abEl esfuerzo ha sido mucho, hay mucha gente que est\u00e1 colaborando para que se pueda realizar y podemos decir que estamos m\u00e1s que satisfechos. El predio est\u00e1 tomando color y el mi\u00e9rcoles estamos seguros que va a dar inicio una gran fiesta para los, alvearenses, los mendocinos y los miles de turistas que nos acompa\u00f1an a\u00f1o a a\u00f1o\u00bb, afirm\u00f3 Carlos Porta, coordinador general del evento. La muestra comercial, artesanal e industrial, contar\u00e1 con m\u00e1s de 300 stand distribuidos en 6 carpas estructurales y otros tantos al aire libre.<\/p>\n<p>El p\u00fablico podr\u00e1 encontrar desde una pilcha gaucha, mates y cuchillos, hasta veh\u00edculos 0km, implementos de campo, sistema de riego o paneles solares, maquinaria agr\u00edcola, entre otros miles de art\u00edculos para la familia o el trabajo. \u00abComo siempre tendremos una multiplicidad de expositores que llegan al departamento de 20 provincias argentinas. Tambi\u00e9n habr\u00e1 gente de pa\u00edses vecinos.<\/p>\n<p>Creemos que la expo dar\u00e1 para todos los gustos y adem\u00e1s contaremos con un amplio sector de comidas y bebidas\u00bb, indic\u00f3 Milton Fern\u00e1ndez, responsable de la muestra y gerente de la instituci\u00f3n. La Pe\u00f1a de la Fiesta El formato de pe\u00f1a que se adopt\u00f3 para presentar los espect\u00e1culos art\u00edsticos en la Fiesta de la Ganader\u00eda, gana cada a\u00f1o mayor aceptaci\u00f3n.<\/p>\n<p>Grandes n\u00fameros en el escenario mayor del predio ferial son sazonados con las mejores comidas t\u00edpicas y un patio de bebidas para todos los gustos. Un combo dif\u00edcil de rechazar. Para este 2024, la fiesta m\u00e1s grande del oeste argentino contar\u00e1 con grupos como Los Chimeno, Las Navarro, Los Ceibales de Salta, La Melga, Sin Copa Saladillo y Trovadores de Cuyo (entre otros) ser\u00e1n el plato fuerte de un artistario que tambi\u00e9n incluye excelentes n\u00fameros locales y regionales. \u00abContamos con artistas que la rompieron en a\u00f1os anteriores y otros nuevos.<\/p>\n<p>Con una misma entrada la gente disfruta de muchos espect\u00e1culos, pudiendo sentarse y disfrutar de comidas. Esperamos un evento muy prometedor\u00bb coment\u00f3 Romina Fern\u00e1ndez, integrante de la C\u00e1mara Joven de Comercio. Para quienes ya quieran asegurar su lugar, la venta de entradas anticipadas est\u00e1 en marcha y est\u00e1 la posibilidad de adquirirlas en un paquete promocional por las cuatro noches. \u00abLos combos son limitados y tienen un precio diferencial en este lanzamiento.<\/p>\n<p>El costo de las cuatro noches de Pe\u00f1a es de 18 mil pesos. En tanto, las entradas anticipadas por cada noche tiene un costo de 5 mil pesos\u00bb explic\u00f3 la presidenta de C\u00e1mara Joven, Marina Rodr\u00edguez. Los tickets se pueden conseguir de manera presencial en la C\u00e1mara de Comercio de Alvear o adquirirlos sin salir de casa, a trav\u00e9s de la web de la Fiesta www.fiestadelaganaderialvear.com.ar \u00abLa entrada tambi\u00e9n cubre el valor del ingreso al predio ferial (viernes y s\u00e1bado), por lo que el p\u00fablico tambi\u00e9n puede disfrutar de la expo comercial y las dem\u00e1s actividades\u00bb concluy\u00f3 Rod\u00edguez.<\/p>\n<p>Los costillares m\u00e1s famosos del pa\u00eds El Almuerzo Tradicional, con su colorida e infaltable postal de los costillares al ensartador m\u00e1s famosos del pa\u00eds, es una tribuna tanto empresarial como pol\u00edtica. La presencia habitual de integrantes del gobierno nacional, provincial y municipal permite presentar los reclamos y las inquietudes de todo el arco productivo. \u00abComo instituci\u00f3n bregamos por los intereses de los comercios, la industria y el sector ganadero y productivo en general. Todo lo que recibimos y tambi\u00e9n lo que creemos conveniente que es necesario para el desarrollo de la regi\u00f3n debemos exponerlo ante las autoridades.<\/p>\n<p>No se trata de criticar por el s\u00f3lo hecho de hacerlo, sino de encontrar soluciones en conjunto. Y este a\u00f1o, en el que esperamos a autoridades tanto nacionales como provinciales, tambi\u00e9n podemos decir que vamos a presentar proyectos de desarrollo, de inversi\u00f3n muy importantes y puertas que se abren en el mundo para los productores\u00bb, expres\u00f3 Ramiro Labay. Este a\u00f1o hubo que agudizar el ingenio ante la dif\u00edcil situaci\u00f3n por la que atraviesa el pa\u00eds. Por ese motivo, se tom\u00f3 la decisi\u00f3n de sortear la suma de 12 millones de pesos en el Almuerzo, en lugar de la camioneta como ha sido la costumbre. \u00abEn el contexto econ\u00f3mico que nos encontramos. si pon\u00edamos una camioneta en el sorteo, iba a ser muy dif\u00edcil trasladar ese valor al precio del ingreso al almuerzo. Consideramos que el premio en efectivo le facilita al ganador la posibilidad de elegir cual es el destino que prefiere darle a ese dinero\u00bb remarc\u00f3, el presidente de la entidad empresaria. Festival ecuestre y baile campero para el final El s\u00e1bado 11 y domingo 12 de mayo el predio ferial ser\u00e1 el escenario de un festival ecuestre inigualable. El s\u00e1bado comienza con las destrezas criollas con los binomios finalistas que deleitar\u00e1n a toda la familia. Y con un broche de oro sorpresa. Lo que ser\u00e1 el tercer Festival Nacional de Destrezas Criolas \u00abJorge Blanco\u00bb contar\u00e1 con la presencia de Agrupaciones y Centros Tradicionalistas de la regi\u00f3n. \u00abEn esta edici\u00f3n decidimos cambiar algunas cuestiones, como volver a la premiaci\u00f3n dentro del mismo campo de Destrezas, ni bien se termina cada juego\u00bb explic\u00f3 el coordinador general del evento, Miguel Sosa. En cuanto a los premios, \u00abhabr\u00e1 obsequios para la categor\u00eda menores y el 70% de la recaudaci\u00f3n quedar\u00e1 destinado a los premios de los mayores\u00bb, dijo Sosa.<\/p>\n<p>La entrada que tiene un valor de $2.000 (jubilados a mitad de precio) se puede conseguir tambi\u00e9n por medio de la web de la Fiesta de la Ganader\u00eda. La cita que baja el tel\u00f3n a la Fiesta Nacional de la Ganader\u00eda de Zonas \u00c1ridas ser\u00e1 a campo lleno. La Gran jineteada del oeste argentino tendr\u00e1 como principal atractivo \u00ab5 tropillas de nivel nacional, que suelen verse en las noches de Jes\u00fas Mar\u00eda. Estamos contentos, porque se podr\u00e1 disfrutar de un espect\u00e1culo a la altura del que siempre brinda la Fiesta\u00bb, manifest\u00f3 Ricardo Balmaceda, uno de los organizadores.<\/p>\n<p>Las tropillas nacionales confirmadas son: La Pumita (Enzo Vegas, de La Pampa), El Cencerro (Paco L\u00f3pez, Villa Mercedes &#8211; San Luis), El Destino (Nello Gonz\u00e1lez, Villa Mercedes &#8211; San Luis), La Embrujada (Marcelo Martinengo, Villa Mar\u00eda &#8211; C\u00f3rdoba) y La Argentina (Peco Lolich, Villa Mar\u00eda &#8211; C\u00f3rdoba). Como aditamento especial, tambi\u00e9n estar\u00e1 el \u00abBaile Campero\u00bb, con las actuaciones de Daniel Barroso y su conjunto el domingo al mediod\u00eda, y Javier Chirino con Renacer Chamamesero le pondr\u00e1 punto final a la jornada campestre. Todav\u00eda se pueden adquirir las entradas de manera anticipada por medio de la p\u00e1gina web. \u00abEste a\u00f1o decidimos salir con tiempo para que los participantes y la gente se vaya acomodando y todav\u00eda se pueden comprar las entradas por internet\u00bb, explic\u00f3 Balmaceda.<\/p>\n<p>Muestra ganadera, remate y jornadas t\u00e9cnicas Mientras se produce el ingreso de hacienda a los corrales del predio ferial, el jueves 9 se llevar\u00e1 a cabo la jornada t\u00e9cnica. Los expositores en esta oportunidad ser\u00e1n la veterinaria Leticia Yanz\u00f3n y el periodista especializado en econom\u00eda, mercado, comercio y consumo, Dami\u00e1n Di Pace. En tanto, el viernes 10 tendr\u00e1 lugar la muestra ganadera en la que se esperan m\u00e1s de 1.300 cabezas. El remate estar\u00e1 a cargo de la firma feriera Aguirre V\u00e1zquez. La actividad comenzar\u00e1 al mediod\u00eda con el acto ganadero en el cual los productores elevar\u00e1n los pedidos a las autoridades. El portavoz ser\u00e1 Agust\u00edn Fern\u00e1ndez, presidente de la espec\u00edfica de Ganader\u00eda de la C\u00e1mara. La respuesta oficial estar\u00e1 a cargo de Roberto R\u00edos, director provincial de Ganader\u00eda. \u00abEs un discurso en el que vamos a plantear las principales necesidades del sector, como lo hacemos todos los a\u00f1os\u00bb, sostuvo Fern\u00e1ndez. En cuanto al remate, el tambi\u00e9n productor pecuario asegur\u00f3 que \u00ablos productores han estado trabajando mucho en la preparaci\u00f3n de los animales para exponerlos en la Fiesta. Como todos los a\u00f1os, el remate va a contar con mucha participaci\u00f3n por parte de ellos. Habr\u00e1 vaquillonas, novillos, terneros, terneras y reproductores. Esperemos que el contexto de precios nos acompa\u00f1e\u00bb agreg\u00f3. La faceta cultural y social de la Fiesta No todo es producci\u00f3n o econom\u00eda, la Fiesta Nacional de la Ganader\u00eda cuenta con una faceta social y cultural. Por un lado, entre jueves y viernes se espera la presencia de unos 5.000 estudiantes de las escuelas primarias de la regi\u00f3n en lo que ser\u00e1n las visitas guiadas. Y como siempre, estar\u00e1 el espacio para que escritores y poetas cuentes sus historias alrededor del fuego en lo que ya es una tradici\u00f3n: Cuentos de Fog\u00f3n. La actividad es el jueves desde las 19 y lo organiza la filial alvearense de SADE.<\/p>\n<h6>Fuente: memo.com.ar<\/h6>\n","protected":false},"excerpt":{"rendered":"<p>La cuenta regresiva est\u00e1 corriendo. El mi\u00e9rcoles a las 20 General Alvear abrir\u00e1 la tranquera de la 43 edici\u00f3n de la Fiesta Nacional de la Ganader\u00eda de Zonas \u00c1ridas.\u00a0<\/p>\n","protected":false},"author":2,"featured_media":146424,"comment_status":"closed","ping_status":"closed","sticky":false,"template":"","format":"standard","meta":{"footnotes":""},"categories":[47],"tags":[31],"class_list":["post-146423","post","type-post","status-publish","format-standard","has-post-thumbnail","hentry","category-fiestas","tag-mendoza"],"_links":{"self":[{"href":"http:\/\/argentinamunicipal.com.ar\/argentina\/wp-json\/wp\/v2\/posts\/146423","targetHints":{"allow":["GET"]}}],"collection":[{"href":"http:\/\/argentinamunicipal.com.ar\/argentina\/wp-json\/wp\/v2\/posts"}],"about":[{"href":"http:\/\/argentinamunicipal.com.ar\/argentina\/wp-json\/wp\/v2\/types\/post"}],"author":[{"embeddable":true,"href":"http:\/\/argentinamunicipal.com.ar\/argentina\/wp-json\/wp\/v2\/users\/2"}],"replies":[{"embeddable":true,"href":"http:\/\/argentinamunicipal.com.ar\/argentina\/wp-json\/wp\/v2\/comments?post=146423"}],"version-history":[{"count":0,"href":"http:\/\/argentinamunicipal.com.ar\/argentina\/wp-json\/wp\/v2\/posts\/146423\/revisions"}],"wp:featuredmedia":[{"embeddable":true,"href":"http:\/\/argentinamunicipal.com.ar\/argentina\/wp-json\/wp\/v2\/media\/146424"}],"wp:attachment":[{"href":"http:\/\/argentinamunicipal.com.ar\/argentina\/wp-json\/wp\/v2\/media?parent=146423"}],"wp:term":[{"taxonomy":"category","embeddable":true,"href":"http:\/\/argentinamunicipal.com.ar\/argentina\/wp-json\/wp\/v2\/categories?post=146423"},{"taxonomy":"post_tag","embeddable":true,"href":"http:\/\/argentinamunicipal.com.ar\/argentina\/wp-json\/wp\/v2\/tags?post=146423"}],"curies":[{"name":"wp","href":"https:\/\/api.w.org\/{rel}","templated":true}]}}